{"id":38615,"date":"2025-05-02T09:37:22","date_gmt":"2025-05-02T08:37:22","guid":{"rendered":"https:\/\/glazbena.hr\/?p=38615"},"modified":"2025-05-02T09:37:22","modified_gmt":"2025-05-02T08:37:22","slug":"seminar-vande-novoselec-za-ucenike-gudackog-odjela-glazbene-skole-u-varazdinu","status":"publish","type":"post","link":"https:\/\/glazbena.hr\/gb\/activity\/seminar-vande-novoselec-za-ucenike-gudackog-odjela-glazbene-skole-u-varazdinu\/","title":{"rendered":"Seminar Vande Novoselec za u\u010denike Guda\u010dkog odjela Glazbene \u0161kole u Vara\u017edinu"},"content":{"rendered":"<p>U na\u0161oj Glazbenoj \u0161koli 14.04 i 15.04. 2025. Seminar je odr\u017eala prof. izvrsna savjetnica Vanda Novoselec.<br \/>\nS u\u010denicima viole i violine podijelila je svoje veliko znanje i iskustvo , na \u010demu smo joj neizmjerno zahvalni te se veselimo budu\u0107em susretu.<\/p>\n<p><img loading=\"lazy\" decoding=\"async\" class=\"alignnone size-medium wp-image-38616\" src=\"https:\/\/glazbena.hr\/wp-content\/uploads\/2025\/05\/IMG_20250415_182937-225x300.jpg\" alt=\"\" width=\"225\" height=\"300\" srcset=\"https:\/\/glazbena.hr\/wp-content\/uploads\/2025\/05\/IMG_20250415_182937-225x300.jpg 225w, https:\/\/glazbena.hr\/wp-content\/uploads\/2025\/05\/IMG_20250415_182937-768x1024.jpg 768w, https:\/\/glazbena.hr\/wp-content\/uploads\/2025\/05\/IMG_20250415_182937-1152x1536.jpg 1152w, https:\/\/glazbena.hr\/wp-content\/uploads\/2025\/05\/IMG_20250415_182937-1536x2048.jpg 1536w, https:\/\/glazbena.hr\/wp-content\/uploads\/2025\/05\/IMG_20250415_182937-scaled.jpg 1920w\" sizes=\"auto, (max-width: 225px) 100vw, 225px\" \/> <img loading=\"lazy\" decoding=\"async\" class=\"alignnone size-medium wp-image-38617\" src=\"https:\/\/glazbena.hr\/wp-content\/uploads\/2025\/05\/IMG_20250415_164738-225x300.jpg\" alt=\"\" width=\"225\" height=\"300\" srcset=\"https:\/\/glazbena.hr\/wp-content\/uploads\/2025\/05\/IMG_20250415_164738-225x300.jpg 225w, https:\/\/glazbena.hr\/wp-content\/uploads\/2025\/05\/IMG_20250415_164738-768x1024.jpg 768w, https:\/\/glazbena.hr\/wp-content\/uploads\/2025\/05\/IMG_20250415_164738-1152x1536.jpg 1152w, https:\/\/glazbena.hr\/wp-content\/uploads\/2025\/05\/IMG_20250415_164738-1536x2048.jpg 1536w, https:\/\/glazbena.hr\/wp-content\/uploads\/2025\/05\/IMG_20250415_164738-scaled.jpg 1920w\" sizes=\"auto, (max-width: 225px) 100vw, 225px\" \/> <img loading=\"lazy\" decoding=\"async\" class=\"alignnone size-medium wp-image-38618\" src=\"https:\/\/glazbena.hr\/wp-content\/uploads\/2025\/05\/IMG_20250415_144311-225x300.jpg\" alt=\"\" width=\"225\" height=\"300\" srcset=\"https:\/\/glazbena.hr\/wp-content\/uploads\/2025\/05\/IMG_20250415_144311-225x300.jpg 225w, https:\/\/glazbena.hr\/wp-content\/uploads\/2025\/05\/IMG_20250415_144311-768x1024.jpg 768w, https:\/\/glazbena.hr\/wp-content\/uploads\/2025\/05\/IMG_20250415_144311-1152x1536.jpg 1152w, https:\/\/glazbena.hr\/wp-content\/uploads\/2025\/05\/IMG_20250415_144311-1536x2048.jpg 1536w, https:\/\/glazbena.hr\/wp-content\/uploads\/2025\/05\/IMG_20250415_144311-scaled.jpg 1920w\" sizes=\"auto, (max-width: 225px) 100vw, 225px\" \/> <img loading=\"lazy\" decoding=\"async\" class=\"alignnone size-medium wp-image-38619\" src=\"https:\/\/glazbena.hr\/wp-content\/uploads\/2025\/05\/IMG_20250415_111433-225x300.jpg\" alt=\"\" width=\"225\" height=\"300\" srcset=\"https:\/\/glazbena.hr\/wp-content\/uploads\/2025\/05\/IMG_20250415_111433-225x300.jpg 225w, https:\/\/glazbena.hr\/wp-content\/uploads\/2025\/05\/IMG_20250415_111433-768x1024.jpg 768w, https:\/\/glazbena.hr\/wp-content\/uploads\/2025\/05\/IMG_20250415_111433-1152x1536.jpg 1152w, https:\/\/glazbena.hr\/wp-content\/uploads\/2025\/05\/IMG_20250415_111433-1536x2048.jpg 1536w, https:\/\/glazbena.hr\/wp-content\/uploads\/2025\/05\/IMG_20250415_111433-scaled.jpg 1920w\" sizes=\"auto, (max-width: 225px) 100vw, 225px\" \/><\/p>\n<p><img loading=\"lazy\" decoding=\"async\" class=\"alignnone size-medium wp-image-38620\" src=\"https:\/\/glazbena.hr\/wp-content\/uploads\/2025\/05\/IMG_20250415_172323-225x300.jpg\" alt=\"\" width=\"225\" height=\"300\" srcset=\"https:\/\/glazbena.hr\/wp-content\/uploads\/2025\/05\/IMG_20250415_172323-225x300.jpg 225w, https:\/\/glazbena.hr\/wp-content\/uploads\/2025\/05\/IMG_20250415_172323-768x1024.jpg 768w, https:\/\/glazbena.hr\/wp-content\/uploads\/2025\/05\/IMG_20250415_172323-1152x1536.jpg 1152w, https:\/\/glazbena.hr\/wp-content\/uploads\/2025\/05\/IMG_20250415_172323-1536x2048.jpg 1536w, https:\/\/glazbena.hr\/wp-content\/uploads\/2025\/05\/IMG_20250415_172323-scaled.jpg 1920w\" sizes=\"auto, (max-width: 225px) 100vw, 225px\" \/> <img loading=\"lazy\" decoding=\"async\" class=\"alignnone size-medium wp-image-38621\" src=\"https:\/\/glazbena.hr\/wp-content\/uploads\/2025\/05\/IMG_20250415_175220-225x300.jpg\" alt=\"\" width=\"225\" height=\"300\" srcset=\"https:\/\/glazbena.hr\/wp-content\/uploads\/2025\/05\/IMG_20250415_175220-225x300.jpg 225w, https:\/\/glazbena.hr\/wp-content\/uploads\/2025\/05\/IMG_20250415_175220-768x1024.jpg 768w, https:\/\/glazbena.hr\/wp-content\/uploads\/2025\/05\/IMG_20250415_175220-1152x1536.jpg 1152w, https:\/\/glazbena.hr\/wp-content\/uploads\/2025\/05\/IMG_20250415_175220-1536x2048.jpg 1536w, https:\/\/glazbena.hr\/wp-content\/uploads\/2025\/05\/IMG_20250415_175220-scaled.jpg 1920w\" sizes=\"auto, (max-width: 225px) 100vw, 225px\" \/> <img loading=\"lazy\" decoding=\"async\" class=\"alignnone size-medium wp-image-38622\" src=\"https:\/\/glazbena.hr\/wp-content\/uploads\/2025\/05\/IMG_20250415_153241-225x300.jpg\" alt=\"\" width=\"225\" height=\"300\" srcset=\"https:\/\/glazbena.hr\/wp-content\/uploads\/2025\/05\/IMG_20250415_153241-225x300.jpg 225w, https:\/\/glazbena.hr\/wp-content\/uploads\/2025\/05\/IMG_20250415_153241-768x1024.jpg 768w, https:\/\/glazbena.hr\/wp-content\/uploads\/2025\/05\/IMG_20250415_153241-1152x1536.jpg 1152w, https:\/\/glazbena.hr\/wp-content\/uploads\/2025\/05\/IMG_20250415_153241-1536x2048.jpg 1536w, https:\/\/glazbena.hr\/wp-content\/uploads\/2025\/05\/IMG_20250415_153241-scaled.jpg 1920w\" sizes=\"auto, (max-width: 225px) 100vw, 225px\" \/><\/p>\n<p>&nbsp;<\/p>\n","protected":false},"excerpt":{"rendered":"<p>U na\u0161oj Glazbenoj \u0161koli 14.04 i 15.04. 2025. Seminar je odr\u017eala prof. izvrsna savjetnica Vanda Novoselec. S u\u010denicima viole i violine podijelila je svoje veliko znanje i iskustvo , na \u010demu smo joj neizmjerno zahvalni te se veselimo budu\u0107em susretu. &nbsp;<\/p>\n","protected":false},"author":5,"featured_media":0,"comment_status":"closed","ping_status":"closed","sticky":false,"template":"","format":"standard","meta":{"footnotes":""},"categories":[70],"tags":[],"class_list":["post-38615","post","type-post","status-publish","format-standard","hentry","category-aktivnosti"],"translation":{"provider":"WPGlobus","version":"3.0.0","language":"gb","enabled_languages":["hr","gb"],"languages":{"hr":{"title":true,"content":true,"excerpt":false},"gb":{"title":false,"content":false,"excerpt":false}}},"_links":{"self":[{"href":"https:\/\/glazbena.hr\/gb\/wp-json\/wp\/v2\/posts\/38615","targetHints":{"allow":["GET"]}}],"collection":[{"href":"https:\/\/glazbena.hr\/gb\/wp-json\/wp\/v2\/posts"}],"about":[{"href":"https:\/\/glazbena.hr\/gb\/wp-json\/wp\/v2\/types\/post"}],"author":[{"embeddable":true,"href":"https:\/\/glazbena.hr\/gb\/wp-json\/wp\/v2\/users\/5"}],"replies":[{"embeddable":true,"href":"https:\/\/glazbena.hr\/gb\/wp-json\/wp\/v2\/comments?post=38615"}],"version-history":[{"count":2,"href":"https:\/\/glazbena.hr\/gb\/wp-json\/wp\/v2\/posts\/38615\/revisions"}],"predecessor-version":[{"id":38624,"href":"https:\/\/glazbena.hr\/gb\/wp-json\/wp\/v2\/posts\/38615\/revisions\/38624"}],"wp:attachment":[{"href":"https:\/\/glazbena.hr\/gb\/wp-json\/wp\/v2\/media?parent=38615"}],"wp:term":[{"taxonomy":"category","embeddable":true,"href":"https:\/\/glazbena.hr\/gb\/wp-json\/wp\/v2\/categories?post=38615"},{"taxonomy":"post_tag","embeddable":true,"href":"https:\/\/glazbena.hr\/gb\/wp-json\/wp\/v2\/tags?post=38615"}],"curies":[{"name":"wp","href":"https:\/\/api.w.org\/{rel}","templated":true}]}}