{"id":38636,"date":"2025-05-02T19:16:12","date_gmt":"2025-05-02T18:16:12","guid":{"rendered":"https:\/\/glazbena.hr\/?p=38636"},"modified":"2025-05-02T19:16:22","modified_gmt":"2025-05-02T18:16:22","slug":"koncertni-teaser-puhackog-orkestra-najava-glazbene-buducnosti-projekta-glazbena-za-sve","status":"publish","type":"post","link":"https:\/\/glazbena.hr\/gb\/upshift\/koncertni-teaser-puhackog-orkestra-najava-glazbene-buducnosti-projekta-glazbena-za-sve\/","title":{"rendered":"Koncertni teaser Puha\u010dkog orkestra \u2013 najava glazbene budu\u0107nosti projekta \u201cGlazbena za sve\u201d"},"content":{"rendered":"<p>U srijedu, 30. travnja 2025. godine u 19 sati, na Kapucinskom trgu ispred Glazbene \u0161kole u Vara\u017edinu, odr\u017ean je poseban koncertni teaser-trailer Puha\u010dkog orkestra Glazbene \u0161kole pod ravnanjem prof. savjetnika Petra Prepeli\u0107a. Ovaj glazbeni doga\u0111aj organiziran je u sklopu UPSHIFT projekta \u201cGlazbena za sve\u201d, a orkestar je po prvi put nastupio koriste\u0107i nove notne stalke nabavljene upravo kroz projekt, uz potporu Vara\u017edinske \u017eupanije.<\/p>\n<p>Ova izvedba ujedno je ozna\u010dila zavr\u0161etak slu\u017ebenog dijela projekta \u201cGlazbena za sve\u201d, pokrenutog u okviru UPSHIFT programa, uz podr\u0161ku UNICEF-a i Vara\u017edinske \u017eupanije kroz program Gra\u0111anskog odgoja i obrazovanja.<\/p>\n<p>Iako je formalni dio projekta zaklju\u010den, njegova pri\u010da se nastavlja. \u201cGlazbena za sve\u201d otvara vrata dugoro\u010dnim suradnjama i zajedni\u010dkim inicijativama. Projekt je ve\u0107 potaknuo uspje\u0161nu suradnju s brojnim odgojno-obrazovnim ustanovama i kulturnim udrugama u lokalnoj zajednici, a pripreme za nove aktivnosti u sljede\u0107oj \u0161kolskoj godini su u tijeku. Koncertna inauguracija novih UPSHIFT notnih stalaka bila je simboli\u010dan po\u010detak brojnih budu\u0107ih doga\u0111anja kroz koja \u0107e se glazba sve vi\u0161e pribli\u017eavati gra\u0111anima \u2013 ne samo unutar \u0161kole, ve\u0107 i na javnim prostorima grada.<\/p>\n<p>Zahvaljujemo Vara\u017edinskoj \u017eupaniji, UNICEF-u, UPSHIFT programu, kao i svim na\u0161im partnerima (Euro-Unit-u) i prijateljima koji su do sada sudjelovali u projektu \u201cGlazbena za sve\u201d:<\/p>\n<p>\u2022 DV Pinokio<\/p>\n<p>\u2022 DV \u010cira-\u010dara<\/p>\n<p>\u2022 DV Panda<\/p>\n<p>\u2022 DV Sv. Ur\u0161ule<\/p>\n<p>\u2022 DV Zeko<\/p>\n<p>\u2022 Udruga \u201cUz tebe sam\u201d<\/p>\n<p>\u2022 Centar za odgoj i obrazovanje Tomislav \u0160poljar<\/p>\n<p>Veselimo se novim uglazbljenim susretima i nastavku zajedni\u010dke glazbene pri\u010de!<\/p>\n<p>#uglazbise<\/p>\n<p><img loading=\"lazy\" decoding=\"async\" class=\"alignnone size-medium wp-image-38646\" src=\"https:\/\/glazbena.hr\/wp-content\/uploads\/2025\/05\/Koncert_puhaci-11-300x192.jpg\" alt=\"\" width=\"300\" height=\"192\" srcset=\"https:\/\/glazbena.hr\/wp-content\/uploads\/2025\/05\/Koncert_puhaci-11-300x192.jpg 300w, https:\/\/glazbena.hr\/wp-content\/uploads\/2025\/05\/Koncert_puhaci-11-1024x655.jpg 1024w, https:\/\/glazbena.hr\/wp-content\/uploads\/2025\/05\/Koncert_puhaci-11-768x491.jpg 768w, https:\/\/glazbena.hr\/wp-content\/uploads\/2025\/05\/Koncert_puhaci-11-1536x982.jpg 1536w, https:\/\/glazbena.hr\/wp-content\/uploads\/2025\/05\/Koncert_puhaci-11.jpg 1600w\" sizes=\"auto, (max-width: 300px) 100vw, 300px\" \/> <img loading=\"lazy\" decoding=\"async\" class=\"alignnone size-medium wp-image-38645\" src=\"https:\/\/glazbena.hr\/wp-content\/uploads\/2025\/05\/Koncert_puhaci-9-300x182.jpg\" alt=\"\" width=\"300\" height=\"182\" srcset=\"https:\/\/glazbena.hr\/wp-content\/uploads\/2025\/05\/Koncert_puhaci-9-300x182.jpg 300w, https:\/\/glazbena.hr\/wp-content\/uploads\/2025\/05\/Koncert_puhaci-9-1024x621.jpg 1024w, https:\/\/glazbena.hr\/wp-content\/uploads\/2025\/05\/Koncert_puhaci-9-768x466.jpg 768w, https:\/\/glazbena.hr\/wp-content\/uploads\/2025\/05\/Koncert_puhaci-9-1536x932.jpg 1536w, https:\/\/glazbena.hr\/wp-content\/uploads\/2025\/05\/Koncert_puhaci-9.jpg 1600w\" sizes=\"auto, (max-width: 300px) 100vw, 300px\" \/> <img loading=\"lazy\" decoding=\"async\" class=\"alignnone size-medium wp-image-38644\" src=\"https:\/\/glazbena.hr\/wp-content\/uploads\/2025\/05\/Koncert_puhaci-19-300x200.jpg\" alt=\"\" width=\"300\" height=\"200\" srcset=\"https:\/\/glazbena.hr\/wp-content\/uploads\/2025\/05\/Koncert_puhaci-19-300x200.jpg 300w, https:\/\/glazbena.hr\/wp-content\/uploads\/2025\/05\/Koncert_puhaci-19-1024x682.jpg 1024w, https:\/\/glazbena.hr\/wp-content\/uploads\/2025\/05\/Koncert_puhaci-19-768x512.jpg 768w, https:\/\/glazbena.hr\/wp-content\/uploads\/2025\/05\/Koncert_puhaci-19-1536x1023.jpg 1536w, https:\/\/glazbena.hr\/wp-content\/uploads\/2025\/05\/Koncert_puhaci-19.jpg 1600w\" sizes=\"auto, (max-width: 300px) 100vw, 300px\" \/><\/p>\n<p><img loading=\"lazy\" decoding=\"async\" class=\"alignnone size-medium wp-image-38643\" src=\"https:\/\/glazbena.hr\/wp-content\/uploads\/2025\/05\/Koncert_puhaci-20-300x204.jpg\" alt=\"\" width=\"300\" height=\"204\" srcset=\"https:\/\/glazbena.hr\/wp-content\/uploads\/2025\/05\/Koncert_puhaci-20-300x204.jpg 300w, https:\/\/glazbena.hr\/wp-content\/uploads\/2025\/05\/Koncert_puhaci-20-1024x695.jpg 1024w, https:\/\/glazbena.hr\/wp-content\/uploads\/2025\/05\/Koncert_puhaci-20-768x521.jpg 768w, https:\/\/glazbena.hr\/wp-content\/uploads\/2025\/05\/Koncert_puhaci-20-1536x1043.jpg 1536w, https:\/\/glazbena.hr\/wp-content\/uploads\/2025\/05\/Koncert_puhaci-20.jpg 1600w\" sizes=\"auto, (max-width: 300px) 100vw, 300px\" \/> <img loading=\"lazy\" decoding=\"async\" class=\"alignnone size-medium wp-image-38642\" src=\"https:\/\/glazbena.hr\/wp-content\/uploads\/2025\/05\/Koncert_puhaci-21-300x192.jpg\" alt=\"\" width=\"300\" height=\"192\" srcset=\"https:\/\/glazbena.hr\/wp-content\/uploads\/2025\/05\/Koncert_puhaci-21-300x192.jpg 300w, https:\/\/glazbena.hr\/wp-content\/uploads\/2025\/05\/Koncert_puhaci-21-1024x656.jpg 1024w, https:\/\/glazbena.hr\/wp-content\/uploads\/2025\/05\/Koncert_puhaci-21-768x492.jpg 768w, https:\/\/glazbena.hr\/wp-content\/uploads\/2025\/05\/Koncert_puhaci-21-1536x984.jpg 1536w, https:\/\/glazbena.hr\/wp-content\/uploads\/2025\/05\/Koncert_puhaci-21.jpg 1600w\" sizes=\"auto, (max-width: 300px) 100vw, 300px\" \/> <img loading=\"lazy\" decoding=\"async\" class=\"alignnone size-medium wp-image-38641\" src=\"https:\/\/glazbena.hr\/wp-content\/uploads\/2025\/05\/Koncert_puhaci-22-300x200.jpg\" alt=\"\" width=\"300\" height=\"200\" srcset=\"https:\/\/glazbena.hr\/wp-content\/uploads\/2025\/05\/Koncert_puhaci-22-300x200.jpg 300w, https:\/\/glazbena.hr\/wp-content\/uploads\/2025\/05\/Koncert_puhaci-22-1024x682.jpg 1024w, https:\/\/glazbena.hr\/wp-content\/uploads\/2025\/05\/Koncert_puhaci-22-768x511.jpg 768w, https:\/\/glazbena.hr\/wp-content\/uploads\/2025\/05\/Koncert_puhaci-22-1536x1022.jpg 1536w, https:\/\/glazbena.hr\/wp-content\/uploads\/2025\/05\/Koncert_puhaci-22.jpg 1600w\" sizes=\"auto, (max-width: 300px) 100vw, 300px\" \/><\/p>\n<p><img loading=\"lazy\" decoding=\"async\" class=\"alignnone size-medium wp-image-38640\" src=\"https:\/\/glazbena.hr\/wp-content\/uploads\/2025\/05\/Koncert_puhaci-15-300x176.jpg\" alt=\"\" width=\"300\" height=\"176\" srcset=\"https:\/\/glazbena.hr\/wp-content\/uploads\/2025\/05\/Koncert_puhaci-15-300x176.jpg 300w, https:\/\/glazbena.hr\/wp-content\/uploads\/2025\/05\/Koncert_puhaci-15-1024x600.jpg 1024w, https:\/\/glazbena.hr\/wp-content\/uploads\/2025\/05\/Koncert_puhaci-15-768x450.jpg 768w, https:\/\/glazbena.hr\/wp-content\/uploads\/2025\/05\/Koncert_puhaci-15-1536x900.jpg 1536w, https:\/\/glazbena.hr\/wp-content\/uploads\/2025\/05\/Koncert_puhaci-15.jpg 1600w\" sizes=\"auto, (max-width: 300px) 100vw, 300px\" \/> <img loading=\"lazy\" decoding=\"async\" class=\"alignnone size-medium wp-image-38639\" src=\"https:\/\/glazbena.hr\/wp-content\/uploads\/2025\/05\/Koncert_puhaci-10-300x184.jpg\" alt=\"\" width=\"300\" height=\"184\" srcset=\"https:\/\/glazbena.hr\/wp-content\/uploads\/2025\/05\/Koncert_puhaci-10-300x184.jpg 300w, https:\/\/glazbena.hr\/wp-content\/uploads\/2025\/05\/Koncert_puhaci-10-1024x628.jpg 1024w, https:\/\/glazbena.hr\/wp-content\/uploads\/2025\/05\/Koncert_puhaci-10-768x471.jpg 768w, https:\/\/glazbena.hr\/wp-content\/uploads\/2025\/05\/Koncert_puhaci-10-1536x943.jpg 1536w, https:\/\/glazbena.hr\/wp-content\/uploads\/2025\/05\/Koncert_puhaci-10.jpg 1600w\" sizes=\"auto, (max-width: 300px) 100vw, 300px\" \/> <img loading=\"lazy\" decoding=\"async\" class=\"alignnone size-medium wp-image-38638\" src=\"https:\/\/glazbena.hr\/wp-content\/uploads\/2025\/05\/Koncert_puhaci-2-300x176.jpg\" alt=\"\" width=\"300\" height=\"176\" srcset=\"https:\/\/glazbena.hr\/wp-content\/uploads\/2025\/05\/Koncert_puhaci-2-300x176.jpg 300w, https:\/\/glazbena.hr\/wp-content\/uploads\/2025\/05\/Koncert_puhaci-2-1024x599.jpg 1024w, https:\/\/glazbena.hr\/wp-content\/uploads\/2025\/05\/Koncert_puhaci-2-768x449.jpg 768w, https:\/\/glazbena.hr\/wp-content\/uploads\/2025\/05\/Koncert_puhaci-2-1536x899.jpg 1536w, https:\/\/glazbena.hr\/wp-content\/uploads\/2025\/05\/Koncert_puhaci-2.jpg 1600w\" sizes=\"auto, (max-width: 300px) 100vw, 300px\" \/><\/p>\n<p><img loading=\"lazy\" decoding=\"async\" class=\"alignnone size-medium wp-image-38637\" src=\"https:\/\/glazbena.hr\/wp-content\/uploads\/2025\/05\/Koncert_puhaci-4-300x173.jpg\" alt=\"\" width=\"300\" height=\"173\" srcset=\"https:\/\/glazbena.hr\/wp-content\/uploads\/2025\/05\/Koncert_puhaci-4-300x173.jpg 300w, https:\/\/glazbena.hr\/wp-content\/uploads\/2025\/05\/Koncert_puhaci-4-1024x589.jpg 1024w, https:\/\/glazbena.hr\/wp-content\/uploads\/2025\/05\/Koncert_puhaci-4-768x442.jpg 768w, https:\/\/glazbena.hr\/wp-content\/uploads\/2025\/05\/Koncert_puhaci-4-1536x884.jpg 1536w, https:\/\/glazbena.hr\/wp-content\/uploads\/2025\/05\/Koncert_puhaci-4.jpg 1600w\" sizes=\"auto, (max-width: 300px) 100vw, 300px\" \/> <img loading=\"lazy\" decoding=\"async\" class=\"alignnone size-medium wp-image-38614\" src=\"https:\/\/glazbena.hr\/wp-content\/uploads\/2025\/05\/Koncert_puhaci-28-300x179.jpg\" alt=\"\" width=\"300\" height=\"179\" srcset=\"https:\/\/glazbena.hr\/wp-content\/uploads\/2025\/05\/Koncert_puhaci-28-300x179.jpg 300w, https:\/\/glazbena.hr\/wp-content\/uploads\/2025\/05\/Koncert_puhaci-28-1024x612.jpg 1024w, https:\/\/glazbena.hr\/wp-content\/uploads\/2025\/05\/Koncert_puhaci-28-768x459.jpg 768w, https:\/\/glazbena.hr\/wp-content\/uploads\/2025\/05\/Koncert_puhaci-28-1536x919.jpg 1536w, https:\/\/glazbena.hr\/wp-content\/uploads\/2025\/05\/Koncert_puhaci-28.jpg 1600w\" sizes=\"auto, (max-width: 300px) 100vw, 300px\" \/> <img loading=\"lazy\" decoding=\"async\" class=\"alignnone size-medium wp-image-38613\" src=\"https:\/\/glazbena.hr\/wp-content\/uploads\/2025\/05\/Koncert_puhaci-29-300x197.jpg\" alt=\"\" width=\"300\" height=\"197\" srcset=\"https:\/\/glazbena.hr\/wp-content\/uploads\/2025\/05\/Koncert_puhaci-29-300x197.jpg 300w, https:\/\/glazbena.hr\/wp-content\/uploads\/2025\/05\/Koncert_puhaci-29-1024x673.jpg 1024w, https:\/\/glazbena.hr\/wp-content\/uploads\/2025\/05\/Koncert_puhaci-29-768x505.jpg 768w, https:\/\/glazbena.hr\/wp-content\/uploads\/2025\/05\/Koncert_puhaci-29-1536x1010.jpg 1536w, https:\/\/glazbena.hr\/wp-content\/uploads\/2025\/05\/Koncert_puhaci-29.jpg 1600w\" sizes=\"auto, (max-width: 300px) 100vw, 300px\" \/><\/p>\n","protected":false},"excerpt":{"rendered":"<p>U srijedu, 30. travnja 2025. godine u 19 sati, na Kapucinskom trgu ispred Glazbene \u0161kole u Vara\u017edinu, odr\u017ean je poseban koncertni teaser-trailer Puha\u010dkog orkestra Glazbene \u0161kole pod ravnanjem prof. savjetnika Petra Prepeli\u0107a. Ovaj glazbeni doga\u0111aj organiziran je u sklopu UPSHIFT projekta \u201cGlazbena za sve\u201d, a orkestar je po prvi put nastupio koriste\u0107i nove notne stalke [&hellip;]<\/p>\n","protected":false},"author":5,"featured_media":0,"comment_status":"closed","ping_status":"closed","sticky":false,"template":"","format":"standard","meta":{"footnotes":""},"categories":[446],"tags":[],"class_list":["post-38636","post","type-post","status-publish","format-standard","hentry","category-upshift"],"translation":{"provider":"WPGlobus","version":"3.0.0","language":"gb","enabled_languages":["hr","gb"],"languages":{"hr":{"title":true,"content":true,"excerpt":false},"gb":{"title":false,"content":false,"excerpt":false}}},"_links":{"self":[{"href":"https:\/\/glazbena.hr\/gb\/wp-json\/wp\/v2\/posts\/38636","targetHints":{"allow":["GET"]}}],"collection":[{"href":"https:\/\/glazbena.hr\/gb\/wp-json\/wp\/v2\/posts"}],"about":[{"href":"https:\/\/glazbena.hr\/gb\/wp-json\/wp\/v2\/types\/post"}],"author":[{"embeddable":true,"href":"https:\/\/glazbena.hr\/gb\/wp-json\/wp\/v2\/users\/5"}],"replies":[{"embeddable":true,"href":"https:\/\/glazbena.hr\/gb\/wp-json\/wp\/v2\/comments?post=38636"}],"version-history":[{"count":3,"href":"https:\/\/glazbena.hr\/gb\/wp-json\/wp\/v2\/posts\/38636\/revisions"}],"predecessor-version":[{"id":38648,"href":"https:\/\/glazbena.hr\/gb\/wp-json\/wp\/v2\/posts\/38636\/revisions\/38648"}],"wp:attachment":[{"href":"https:\/\/glazbena.hr\/gb\/wp-json\/wp\/v2\/media?parent=38636"}],"wp:term":[{"taxonomy":"category","embeddable":true,"href":"https:\/\/glazbena.hr\/gb\/wp-json\/wp\/v2\/categories?post=38636"},{"taxonomy":"post_tag","embeddable":true,"href":"https:\/\/glazbena.hr\/gb\/wp-json\/wp\/v2\/tags?post=38636"}],"curies":[{"name":"wp","href":"https:\/\/api.w.org\/{rel}","templated":true}]}}