{"id":38877,"date":"2025-05-18T10:52:06","date_gmt":"2025-05-18T09:52:06","guid":{"rendered":"https:\/\/glazbena.hr\/?p=38877"},"modified":"2025-05-21T13:16:11","modified_gmt":"2025-05-21T12:16:11","slug":"produkcija-prvih-razreda-odjela-za-klavir-3","status":"publish","type":"post","link":"https:\/\/glazbena.hr\/gb\/produkcije\/produkcija-prvih-razreda-odjela-za-klavir-3\/","title":{"rendered":"Produkcija prvih razreda Odjela za klavir"},"content":{"rendered":"<p>Produkcija prvih razreda Odjela za klavir odr\u017eat \u0107e se u petak, 23. svibnja 2025. godine s po\u010detkom u 16.00 sati u Velikoj koncertnoj dvorani Glazbene \u0161kole u Vara\u017edinu.<\/p>\n<p><a href=\"https:\/\/glazbena.hr\/wp-content\/uploads\/2025\/05\/Produkcija-prvih-razreda-23.-svibnja.-16.30-sati.pdf\" target=\"_blank\" rel=\"noopener\">Produkcija prvih razreda, 23. svibnja., 16.00 sati<\/a><\/p>\n","protected":false},"excerpt":{"rendered":"<p>Produkcija prvih razreda Odjela za klavir odr\u017eat \u0107e se u petak, 23. svibnja 2025. godine s po\u010detkom u 16.00 sati u Velikoj koncertnoj dvorani Glazbene \u0161kole u Vara\u017edinu. Produkcija prvih razreda, 23. svibnja., 16.00 sati<\/p>\n","protected":false},"author":5,"featured_media":0,"comment_status":"closed","ping_status":"closed","sticky":false,"template":"","format":"standard","meta":{"footnotes":""},"categories":[65],"tags":[],"class_list":["post-38877","post","type-post","status-publish","format-standard","hentry","category-produkcije"],"translation":{"provider":"WPGlobus","version":"3.0.0","language":"gb","enabled_languages":["hr","gb"],"languages":{"hr":{"title":true,"content":true,"excerpt":false},"gb":{"title":false,"content":false,"excerpt":false}}},"_links":{"self":[{"href":"https:\/\/glazbena.hr\/gb\/wp-json\/wp\/v2\/posts\/38877","targetHints":{"allow":["GET"]}}],"collection":[{"href":"https:\/\/glazbena.hr\/gb\/wp-json\/wp\/v2\/posts"}],"about":[{"href":"https:\/\/glazbena.hr\/gb\/wp-json\/wp\/v2\/types\/post"}],"author":[{"embeddable":true,"href":"https:\/\/glazbena.hr\/gb\/wp-json\/wp\/v2\/users\/5"}],"replies":[{"embeddable":true,"href":"https:\/\/glazbena.hr\/gb\/wp-json\/wp\/v2\/comments?post=38877"}],"version-history":[{"count":3,"href":"https:\/\/glazbena.hr\/gb\/wp-json\/wp\/v2\/posts\/38877\/revisions"}],"predecessor-version":[{"id":38938,"href":"https:\/\/glazbena.hr\/gb\/wp-json\/wp\/v2\/posts\/38877\/revisions\/38938"}],"wp:attachment":[{"href":"https:\/\/glazbena.hr\/gb\/wp-json\/wp\/v2\/media?parent=38877"}],"wp:term":[{"taxonomy":"category","embeddable":true,"href":"https:\/\/glazbena.hr\/gb\/wp-json\/wp\/v2\/categories?post=38877"},{"taxonomy":"post_tag","embeddable":true,"href":"https:\/\/glazbena.hr\/gb\/wp-json\/wp\/v2\/tags?post=38877"}],"curies":[{"name":"wp","href":"https:\/\/api.w.org\/{rel}","templated":true}]}}