{"id":38906,"date":"2025-05-19T18:52:03","date_gmt":"2025-05-19T17:52:03","guid":{"rendered":"https:\/\/glazbena.hr\/?p=38906"},"modified":"2025-05-19T18:52:03","modified_gmt":"2025-05-19T17:52:03","slug":"druga-javna-produkcija-odjela-za-puhacke-instrumente","status":"publish","type":"post","link":"https:\/\/glazbena.hr\/gb\/produkcije\/druga-javna-produkcija-odjela-za-puhacke-instrumente\/","title":{"rendered":"Druga javna produkcija Odjela za puha\u010dke instrumente"},"content":{"rendered":"<p>Druga javna produkcija Odjela za puha\u010dke instrumente odr\u017eat \u0107e se u srijedu, 21. svibnja 2025. godine s po\u010detkom u 18.00 sati u Velikoj koncertnoj dvorani Glazbene \u0161kole u Vara\u017edinu.<\/p>\n<p><a href=\"https:\/\/glazbena.hr\/wp-content\/uploads\/2025\/05\/2.-Javna-Produkcija-21.05.-2025.pdf\" target=\"_blank\" rel=\"noopener\">2. Javna Produkcija 21.05. 2025<\/a><\/p>\n","protected":false},"excerpt":{"rendered":"<p>Druga javna produkcija Odjela za puha\u010dke instrumente odr\u017eat \u0107e se u srijedu, 21. svibnja 2025. godine s po\u010detkom u 18.00 sati u Velikoj koncertnoj dvorani Glazbene \u0161kole u Vara\u017edinu. 2. Javna Produkcija 21.05. 2025<\/p>\n","protected":false},"author":5,"featured_media":0,"comment_status":"closed","ping_status":"closed","sticky":false,"template":"","format":"standard","meta":{"footnotes":""},"categories":[65],"tags":[],"class_list":["post-38906","post","type-post","status-publish","format-standard","hentry","category-produkcije"],"translation":{"provider":"WPGlobus","version":"3.0.0","language":"gb","enabled_languages":["hr","gb"],"languages":{"hr":{"title":true,"content":true,"excerpt":false},"gb":{"title":false,"content":false,"excerpt":false}}},"_links":{"self":[{"href":"https:\/\/glazbena.hr\/gb\/wp-json\/wp\/v2\/posts\/38906","targetHints":{"allow":["GET"]}}],"collection":[{"href":"https:\/\/glazbena.hr\/gb\/wp-json\/wp\/v2\/posts"}],"about":[{"href":"https:\/\/glazbena.hr\/gb\/wp-json\/wp\/v2\/types\/post"}],"author":[{"embeddable":true,"href":"https:\/\/glazbena.hr\/gb\/wp-json\/wp\/v2\/users\/5"}],"replies":[{"embeddable":true,"href":"https:\/\/glazbena.hr\/gb\/wp-json\/wp\/v2\/comments?post=38906"}],"version-history":[{"count":2,"href":"https:\/\/glazbena.hr\/gb\/wp-json\/wp\/v2\/posts\/38906\/revisions"}],"predecessor-version":[{"id":38911,"href":"https:\/\/glazbena.hr\/gb\/wp-json\/wp\/v2\/posts\/38906\/revisions\/38911"}],"wp:attachment":[{"href":"https:\/\/glazbena.hr\/gb\/wp-json\/wp\/v2\/media?parent=38906"}],"wp:term":[{"taxonomy":"category","embeddable":true,"href":"https:\/\/glazbena.hr\/gb\/wp-json\/wp\/v2\/categories?post=38906"},{"taxonomy":"post_tag","embeddable":true,"href":"https:\/\/glazbena.hr\/gb\/wp-json\/wp\/v2\/tags?post=38906"}],"curies":[{"name":"wp","href":"https:\/\/api.w.org\/{rel}","templated":true}]}}