{"id":3891,"date":"2019-04-30T11:32:27","date_gmt":"2019-04-30T09:32:27","guid":{"rendered":"https:\/\/glazbena.hr\/?p=3891"},"modified":"2019-05-15T11:47:59","modified_gmt":"2019-05-15T09:47:59","slug":"europa-u-skoli","status":"publish","type":"post","link":"https:\/\/glazbena.hr\/gb\/natjecanja\/europa-u-skoli\/","title":{"rendered":"Europa u \u0161koli"},"content":{"rendered":"<p>Ve\u0107 drugu godinu za redom, red.prof.art Davor Bobi\u0107 odr\u017eava seminar pod nazivom &#8220;Kompozicija&#8221; u Glazbenoj \u0161koli u Vara\u017edinu.<\/p>\n<p>Ove \u0161kolske godine u\u010denici su prijavili svoje radove na 25. me\u0111unarodno i nacionalno natjecanje za u\u010denike i mlade\u017e &#8220;Europa u \u0161koli&#8221;.<\/p>\n<p>Rebecca Posavec je u 2. dobnoj skupini (1. &#8211; 4. S\u0160) osvojila 2. mjesto za kompoziciju &#8220;Slutnja&#8221;.<\/p>\n<p>Nikola Hrupek je u 2. dobnoj skupini (1. &#8211; 4. S\u0160) osvojio3. mjesto za kompoziciju &#8220;Wisdom of the Well&#8221;.<\/p>\n<p><a href=\"https:\/\/glazbena.hr\/wp-content\/uploads\/2019\/05\/20190429-Europa-u-\u0161koli-Zagreb-Hrvatska.pdf\">29 04 2019 &#8211; Europa u \u0161koli &#8211; Zagreb &#8211; Hrvatska<\/a><\/p>\n","protected":false},"excerpt":{"rendered":"<p>Ve\u0107 drugu godinu za redom, red.prof.art Davor Bobi\u0107 odr\u017eava seminar pod nazivom &#8220;Kompozicija&#8221; u Glazbenoj \u0161koli u Vara\u017edinu. Ove \u0161kolske godine u\u010denici su prijavili svoje radove na 25. me\u0111unarodno i nacionalno natjecanje za u\u010denike i mlade\u017e &#8220;Europa u \u0161koli&#8221;. Rebecca Posavec je u 2. dobnoj skupini (1. &#8211; 4. S\u0160) osvojila 2. mjesto za kompoziciju [&hellip;]<\/p>\n","protected":false},"author":5,"featured_media":0,"comment_status":"closed","ping_status":"closed","sticky":false,"template":"","format":"standard","meta":{"footnotes":""},"categories":[66],"tags":[],"class_list":["post-3891","post","type-post","status-publish","format-standard","hentry","category-natjecanja"],"translation":{"provider":"WPGlobus","version":"3.0.0","language":"gb","enabled_languages":["hr","gb"],"languages":{"hr":{"title":true,"content":true,"excerpt":false},"gb":{"title":false,"content":false,"excerpt":false}}},"_links":{"self":[{"href":"https:\/\/glazbena.hr\/gb\/wp-json\/wp\/v2\/posts\/3891","targetHints":{"allow":["GET"]}}],"collection":[{"href":"https:\/\/glazbena.hr\/gb\/wp-json\/wp\/v2\/posts"}],"about":[{"href":"https:\/\/glazbena.hr\/gb\/wp-json\/wp\/v2\/types\/post"}],"author":[{"embeddable":true,"href":"https:\/\/glazbena.hr\/gb\/wp-json\/wp\/v2\/users\/5"}],"replies":[{"embeddable":true,"href":"https:\/\/glazbena.hr\/gb\/wp-json\/wp\/v2\/comments?post=3891"}],"version-history":[{"count":0,"href":"https:\/\/glazbena.hr\/gb\/wp-json\/wp\/v2\/posts\/3891\/revisions"}],"wp:attachment":[{"href":"https:\/\/glazbena.hr\/gb\/wp-json\/wp\/v2\/media?parent=3891"}],"wp:term":[{"taxonomy":"category","embeddable":true,"href":"https:\/\/glazbena.hr\/gb\/wp-json\/wp\/v2\/categories?post=3891"},{"taxonomy":"post_tag","embeddable":true,"href":"https:\/\/glazbena.hr\/gb\/wp-json\/wp\/v2\/tags?post=3891"}],"curies":[{"name":"wp","href":"https:\/\/api.w.org\/{rel}","templated":true}]}}