{"id":39022,"date":"2025-06-03T07:19:15","date_gmt":"2025-06-03T06:19:15","guid":{"rendered":"https:\/\/glazbena.hr\/?p=39022"},"modified":"2025-06-03T07:19:15","modified_gmt":"2025-06-03T06:19:15","slug":"recital-paule-malbasic","status":"publish","type":"post","link":"https:\/\/glazbena.hr\/gb\/events\/recital-paule-malbasic\/","title":{"rendered":"Recital Paule Malba\u0161i\u0107"},"content":{"rendered":"<p>Solisti\u010dki recital Paule Malba\u0161i\u0107 odr\u017eat \u0107e se 9. lipnja 2025. godine u Velikoj koncertnoj dvorani Glazbene \u0161kole u Vara\u017edinu s po\u010detkom u 19.30 sati. na programu \u0107e biti djela D. Bobi\u0107a, J. S. Bacha, E. Lala\u00a0 i D. Poppera.<\/p>\n<p>Ulaz na koncert je slobodan.<br \/>\n<img loading=\"lazy\" decoding=\"async\" class=\"alignnone wp-image-39023 size-large\" src=\"https:\/\/glazbena.hr\/wp-content\/uploads\/2025\/06\/paula-malbasic-koncert-rgb_-724x1024.jpg\" alt=\"\" width=\"724\" height=\"1024\" srcset=\"https:\/\/glazbena.hr\/wp-content\/uploads\/2025\/06\/paula-malbasic-koncert-rgb_-724x1024.jpg 724w, https:\/\/glazbena.hr\/wp-content\/uploads\/2025\/06\/paula-malbasic-koncert-rgb_-212x300.jpg 212w, https:\/\/glazbena.hr\/wp-content\/uploads\/2025\/06\/paula-malbasic-koncert-rgb_-768x1086.jpg 768w, https:\/\/glazbena.hr\/wp-content\/uploads\/2025\/06\/paula-malbasic-koncert-rgb_-1086x1536.jpg 1086w, https:\/\/glazbena.hr\/wp-content\/uploads\/2025\/06\/paula-malbasic-koncert-rgb_-1448x2048.jpg 1448w, https:\/\/glazbena.hr\/wp-content\/uploads\/2025\/06\/paula-malbasic-koncert-rgb_-scaled.jpg 1811w\" sizes=\"auto, (max-width: 724px) 100vw, 724px\" \/><\/p>\n","protected":false},"excerpt":{"rendered":"<p>Solisti\u010dki recital Paule Malba\u0161i\u0107 odr\u017eat \u0107e se 9. lipnja 2025. godine u Velikoj koncertnoj dvorani Glazbene \u0161kole u Vara\u017edinu s po\u010detkom u 19.30 sati. na programu \u0107e biti djela D. Bobi\u0107a, J. S. Bacha, E. Lala\u00a0 i D. Poppera. Ulaz na koncert je slobodan.<\/p>\n","protected":false},"author":5,"featured_media":0,"comment_status":"closed","ping_status":"closed","sticky":false,"template":"","format":"standard","meta":{"footnotes":""},"categories":[64],"tags":[],"class_list":["post-39022","post","type-post","status-publish","format-standard","hentry","category-najava-dogadanja"],"translation":{"provider":"WPGlobus","version":"3.0.0","language":"gb","enabled_languages":["hr","gb"],"languages":{"hr":{"title":true,"content":true,"excerpt":false},"gb":{"title":false,"content":false,"excerpt":false}}},"_links":{"self":[{"href":"https:\/\/glazbena.hr\/gb\/wp-json\/wp\/v2\/posts\/39022","targetHints":{"allow":["GET"]}}],"collection":[{"href":"https:\/\/glazbena.hr\/gb\/wp-json\/wp\/v2\/posts"}],"about":[{"href":"https:\/\/glazbena.hr\/gb\/wp-json\/wp\/v2\/types\/post"}],"author":[{"embeddable":true,"href":"https:\/\/glazbena.hr\/gb\/wp-json\/wp\/v2\/users\/5"}],"replies":[{"embeddable":true,"href":"https:\/\/glazbena.hr\/gb\/wp-json\/wp\/v2\/comments?post=39022"}],"version-history":[{"count":2,"href":"https:\/\/glazbena.hr\/gb\/wp-json\/wp\/v2\/posts\/39022\/revisions"}],"predecessor-version":[{"id":39025,"href":"https:\/\/glazbena.hr\/gb\/wp-json\/wp\/v2\/posts\/39022\/revisions\/39025"}],"wp:attachment":[{"href":"https:\/\/glazbena.hr\/gb\/wp-json\/wp\/v2\/media?parent=39022"}],"wp:term":[{"taxonomy":"category","embeddable":true,"href":"https:\/\/glazbena.hr\/gb\/wp-json\/wp\/v2\/categories?post=39022"},{"taxonomy":"post_tag","embeddable":true,"href":"https:\/\/glazbena.hr\/gb\/wp-json\/wp\/v2\/tags?post=39022"}],"curies":[{"name":"wp","href":"https:\/\/api.w.org\/{rel}","templated":true}]}}