{"id":39028,"date":"2025-06-04T08:12:42","date_gmt":"2025-06-04T07:12:42","guid":{"rendered":"https:\/\/glazbena.hr\/?p=39028"},"modified":"2025-06-04T08:12:42","modified_gmt":"2025-06-04T07:12:42","slug":"koncert-gudackog-orkestra-glazbene-skole-u-varazdinu-i-gostiju","status":"publish","type":"post","link":"https:\/\/glazbena.hr\/gb\/events\/koncert-gudackog-orkestra-glazbene-skole-u-varazdinu-i-gostiju\/","title":{"rendered":"Koncert guda\u010dkog orkestra Glazbene \u0161kole u Vara\u017edinu i gostiju"},"content":{"rendered":"<p>Koncert guda\u010dkog orkestra Glazbene \u0161kole u Vara\u017edinu odr\u017eat \u0107e se u \u010detvrtak, 5. lipnja 2026. godine u Velikoj koncertnoj dvorani HNK u Vara\u017edinu s po\u010detkom u 18.00 sati. Uz guda\u010dki orkestar, na koncertu \u0107e nastupiti i gosti, \u010dlanovi komornih sastava Glazbene \u0161kole u Vara\u017edinu.<br \/>\nUlaz na koncert je slobodan.<\/p>\n<p>&nbsp;<\/p>\n<p><img loading=\"lazy\" decoding=\"async\" class=\"alignnone wp-image-39029 size-large\" src=\"https:\/\/glazbena.hr\/wp-content\/uploads\/2025\/06\/Plakat-Gudacki-orkestar-2025-731x1024.jpg\" alt=\"\" width=\"731\" height=\"1024\" srcset=\"https:\/\/glazbena.hr\/wp-content\/uploads\/2025\/06\/Plakat-Gudacki-orkestar-2025-731x1024.jpg 731w, https:\/\/glazbena.hr\/wp-content\/uploads\/2025\/06\/Plakat-Gudacki-orkestar-2025-214x300.jpg 214w, https:\/\/glazbena.hr\/wp-content\/uploads\/2025\/06\/Plakat-Gudacki-orkestar-2025-768x1075.jpg 768w, https:\/\/glazbena.hr\/wp-content\/uploads\/2025\/06\/Plakat-Gudacki-orkestar-2025-1097x1536.jpg 1097w, https:\/\/glazbena.hr\/wp-content\/uploads\/2025\/06\/Plakat-Gudacki-orkestar-2025-1463x2048.jpg 1463w, https:\/\/glazbena.hr\/wp-content\/uploads\/2025\/06\/Plakat-Gudacki-orkestar-2025-scaled.jpg 1829w\" sizes=\"auto, (max-width: 731px) 100vw, 731px\" \/><\/p>\n","protected":false},"excerpt":{"rendered":"<p>Koncert guda\u010dkog orkestra Glazbene \u0161kole u Vara\u017edinu odr\u017eat \u0107e se u \u010detvrtak, 5. lipnja 2026. godine u Velikoj koncertnoj dvorani HNK u Vara\u017edinu s po\u010detkom u 18.00 sati. Uz guda\u010dki orkestar, na koncertu \u0107e nastupiti i gosti, \u010dlanovi komornih sastava Glazbene \u0161kole u Vara\u017edinu. Ulaz na koncert je slobodan. &nbsp;<\/p>\n","protected":false},"author":5,"featured_media":0,"comment_status":"closed","ping_status":"closed","sticky":false,"template":"","format":"standard","meta":{"footnotes":""},"categories":[64],"tags":[],"class_list":["post-39028","post","type-post","status-publish","format-standard","hentry","category-najava-dogadanja"],"translation":{"provider":"WPGlobus","version":"3.0.0","language":"gb","enabled_languages":["hr","gb"],"languages":{"hr":{"title":true,"content":true,"excerpt":false},"gb":{"title":false,"content":false,"excerpt":false}}},"_links":{"self":[{"href":"https:\/\/glazbena.hr\/gb\/wp-json\/wp\/v2\/posts\/39028","targetHints":{"allow":["GET"]}}],"collection":[{"href":"https:\/\/glazbena.hr\/gb\/wp-json\/wp\/v2\/posts"}],"about":[{"href":"https:\/\/glazbena.hr\/gb\/wp-json\/wp\/v2\/types\/post"}],"author":[{"embeddable":true,"href":"https:\/\/glazbena.hr\/gb\/wp-json\/wp\/v2\/users\/5"}],"replies":[{"embeddable":true,"href":"https:\/\/glazbena.hr\/gb\/wp-json\/wp\/v2\/comments?post=39028"}],"version-history":[{"count":2,"href":"https:\/\/glazbena.hr\/gb\/wp-json\/wp\/v2\/posts\/39028\/revisions"}],"predecessor-version":[{"id":39031,"href":"https:\/\/glazbena.hr\/gb\/wp-json\/wp\/v2\/posts\/39028\/revisions\/39031"}],"wp:attachment":[{"href":"https:\/\/glazbena.hr\/gb\/wp-json\/wp\/v2\/media?parent=39028"}],"wp:term":[{"taxonomy":"category","embeddable":true,"href":"https:\/\/glazbena.hr\/gb\/wp-json\/wp\/v2\/categories?post=39028"},{"taxonomy":"post_tag","embeddable":true,"href":"https:\/\/glazbena.hr\/gb\/wp-json\/wp\/v2\/tags?post=39028"}],"curies":[{"name":"wp","href":"https:\/\/api.w.org\/{rel}","templated":true}]}}