{"id":39084,"date":"2025-06-09T15:42:20","date_gmt":"2025-06-09T14:42:20","guid":{"rendered":"https:\/\/glazbena.hr\/?p=39084"},"modified":"2025-06-09T15:42:33","modified_gmt":"2025-06-09T14:42:33","slug":"skala-brcko-2025","status":"publish","type":"post","link":"https:\/\/glazbena.hr\/gb\/activity\/skala-brcko-2025\/","title":{"rendered":"Skala Br\u010dko 2025."},"content":{"rendered":"<p>Na VI. me\u0111unarodnom festivalu \u201cSkala\u201d, odr\u017eanom od 30. svibnja do 2. lipnja 2025. godine u Br\u010dkom (BIH), na\u0161a maturantica Petra Krajnik (4.B) osvojila je I. nagradu u VIII. kategoriji u disciplini klavir, s osvojenih 94,25 bodova.<\/p>\n<p>Petra je sve \u010detiri godine paralelno poha\u0111ala dvije \u0161kole \u2013 glazbenu \u0161kolu i jezi\u010dnu gimnaziju \u2013 \u0161to njezino postignu\u0107e \u010dini posebno vrijednim.<\/p>\n<p>\u010cestitamo na uspjehu na\u0161oj Petri i njezinoj mentorici, Lei \u0160antek, prof. savjetnici.<\/p>\n<p>Poha\u0111ati dvije \u0161kole istodobno velik je izazov koji zahtijeva puno truda, discipline i odricanja. \u010cestitamo ne samo Petri, ve\u0107 i svim na\u0161im u\u010denicima koji svakodnevno ula\u017eu veliki napor kako bi uspje\u0161no savladali ovaj zahtjevan obrazovni put.<\/p>\n<p><img loading=\"lazy\" decoding=\"async\" class=\"alignnone size-medium wp-image-39086\" src=\"https:\/\/glazbena.hr\/wp-content\/uploads\/2025\/06\/PHOTO-2025-06-02-12-22-49-225x300.jpg\" alt=\"\" width=\"225\" height=\"300\" srcset=\"https:\/\/glazbena.hr\/wp-content\/uploads\/2025\/06\/PHOTO-2025-06-02-12-22-49-225x300.jpg 225w, https:\/\/glazbena.hr\/wp-content\/uploads\/2025\/06\/PHOTO-2025-06-02-12-22-49-768x1024.jpg 768w, https:\/\/glazbena.hr\/wp-content\/uploads\/2025\/06\/PHOTO-2025-06-02-12-22-49-1152x1536.jpg 1152w, https:\/\/glazbena.hr\/wp-content\/uploads\/2025\/06\/PHOTO-2025-06-02-12-22-49.jpg 1500w\" sizes=\"auto, (max-width: 225px) 100vw, 225px\" \/> <img loading=\"lazy\" decoding=\"async\" class=\"alignnone size-medium wp-image-39087\" src=\"https:\/\/glazbena.hr\/wp-content\/uploads\/2025\/06\/PHOTO-2025-06-02-13-45-01-225x300.jpg\" alt=\"\" width=\"225\" height=\"300\" srcset=\"https:\/\/glazbena.hr\/wp-content\/uploads\/2025\/06\/PHOTO-2025-06-02-13-45-01-225x300.jpg 225w, https:\/\/glazbena.hr\/wp-content\/uploads\/2025\/06\/PHOTO-2025-06-02-13-45-01-768x1024.jpg 768w, https:\/\/glazbena.hr\/wp-content\/uploads\/2025\/06\/PHOTO-2025-06-02-13-45-01-1152x1536.jpg 1152w, https:\/\/glazbena.hr\/wp-content\/uploads\/2025\/06\/PHOTO-2025-06-02-13-45-01.jpg 1200w\" sizes=\"auto, (max-width: 225px) 100vw, 225px\" \/><\/p>\n","protected":false},"excerpt":{"rendered":"<p>Na VI. me\u0111unarodnom festivalu \u201cSkala\u201d, odr\u017eanom od 30. svibnja do 2. lipnja 2025. godine u Br\u010dkom (BIH), na\u0161a maturantica Petra Krajnik (4.B) osvojila je I. nagradu u VIII. kategoriji u disciplini klavir, s osvojenih 94,25 bodova. Petra je sve \u010detiri godine paralelno poha\u0111ala dvije \u0161kole \u2013 glazbenu \u0161kolu i jezi\u010dnu gimnaziju \u2013 \u0161to njezino postignu\u0107e [&hellip;]<\/p>\n","protected":false},"author":5,"featured_media":0,"comment_status":"closed","ping_status":"closed","sticky":false,"template":"","format":"standard","meta":{"footnotes":""},"categories":[70],"tags":[],"class_list":["post-39084","post","type-post","status-publish","format-standard","hentry","category-aktivnosti"],"translation":{"provider":"WPGlobus","version":"3.0.0","language":"gb","enabled_languages":["hr","gb"],"languages":{"hr":{"title":true,"content":true,"excerpt":false},"gb":{"title":false,"content":false,"excerpt":false}}},"_links":{"self":[{"href":"https:\/\/glazbena.hr\/gb\/wp-json\/wp\/v2\/posts\/39084","targetHints":{"allow":["GET"]}}],"collection":[{"href":"https:\/\/glazbena.hr\/gb\/wp-json\/wp\/v2\/posts"}],"about":[{"href":"https:\/\/glazbena.hr\/gb\/wp-json\/wp\/v2\/types\/post"}],"author":[{"embeddable":true,"href":"https:\/\/glazbena.hr\/gb\/wp-json\/wp\/v2\/users\/5"}],"replies":[{"embeddable":true,"href":"https:\/\/glazbena.hr\/gb\/wp-json\/wp\/v2\/comments?post=39084"}],"version-history":[{"count":3,"href":"https:\/\/glazbena.hr\/gb\/wp-json\/wp\/v2\/posts\/39084\/revisions"}],"predecessor-version":[{"id":39089,"href":"https:\/\/glazbena.hr\/gb\/wp-json\/wp\/v2\/posts\/39084\/revisions\/39089"}],"wp:attachment":[{"href":"https:\/\/glazbena.hr\/gb\/wp-json\/wp\/v2\/media?parent=39084"}],"wp:term":[{"taxonomy":"category","embeddable":true,"href":"https:\/\/glazbena.hr\/gb\/wp-json\/wp\/v2\/categories?post=39084"},{"taxonomy":"post_tag","embeddable":true,"href":"https:\/\/glazbena.hr\/gb\/wp-json\/wp\/v2\/tags?post=39084"}],"curies":[{"name":"wp","href":"https:\/\/api.w.org\/{rel}","templated":true}]}}