{"id":39110,"date":"2025-06-12T20:52:24","date_gmt":"2025-06-12T19:52:24","guid":{"rendered":"https:\/\/glazbena.hr\/?p=39110"},"modified":"2025-06-12T20:52:24","modified_gmt":"2025-06-12T19:52:24","slug":"matineja-glazbene-skole-u-varazdinu-17-javnih-dogadanja-u-jednoj-skolskoj-godini","status":"publish","type":"post","link":"https:\/\/glazbena.hr\/gb\/activity\/matineja-glazbene-skole-u-varazdinu-17-javnih-dogadanja-u-jednoj-skolskoj-godini\/","title":{"rendered":"Matineja Glazbene \u0161kole u Vara\u017edinu \u2013 17 javnih doga\u0111anja u jednoj \u0161kolskoj godini"},"content":{"rendered":"<p>Tijekom \u0161kolske godine 2024.\/2025. u sklopu Matineje Glazbene \u0161kole u Vara\u017edinu odr\u017eano je ukupno 17 javnih doga\u0111anja, \u010dime je zna\u010dajno unaprje\u0111en rad \u0161kole i oja\u010dana njezina uloga u lokalnoj, \u017eupanijskoj i me\u0111unarodnoj zajednici. Voditelji Matineje, Lea \u0160antek, prof. savjetnik i Predrag \u0160antek, prof. savjetnik, ujedno su pripremali i organizirali sva javna doga\u0111anja, oblikuju\u0107i ih u skladu s ciljevima \u0161kole i potrebama u\u010denika.<\/p>\n<p>Inicijativa je usmjerena na ja\u010danje suradnje i komunikacije unutar \u0161kole i sa \u0161irom zajednicom, poticanje kreativnog izra\u017eavanja kroz glazbu te razvoj socijalnih i komunikacijskih vje\u0161tina u\u010denika. Kroz bogat program javnih nastupa stvoreno je poticajno okru\u017eenje za u\u010denje, promicana je empatija te je rad Glazbene \u0161kole u Vara\u017edinu pribli\u017een \u0161iroj javnosti.<\/p>\n<p>Doga\u0111anja su ostvarena u suradnji s u\u010denicima i nastavnicima iz podru\u010dnih odjela, kao i s kolegama iz drugih \u0161kola i \u017eupanija, \u010dime je aktivnost dosegnula \u017eupanijsku i me\u0111u\u017eupanijsku razinu. Uklju\u010divanjem glazbenih \u0161kola i akademija iz Hrvatske i inozemstva, Matineja je dobila i me\u0111unarodni karakter.<\/p>\n<p>Evaluacija provedenih aktivnosti, kroz usmene povratne informacije, pokazala je visok stupanj zadovoljstva me\u0111u u\u010denicima, roditeljima i nastavnicima, \u0161to dodatno potvr\u0111uje njihovu vrijednost za odgojno-obrazovni sustav i zajednicu u cjelini.<\/p>\n<p><a href=\"https:\/\/glazbena.hr\/wp-content\/uploads\/2025\/06\/M-01-24-25.pdf.pdf\">M 01 24-25.pdf<\/a><\/p>\n<p><a href=\"https:\/\/glazbena.hr\/wp-content\/uploads\/2025\/06\/M-02-24-25.pdf.pdf\">M 02 24-25.pdf<\/a><\/p>\n<p><a href=\"https:\/\/glazbena.hr\/wp-content\/uploads\/2025\/06\/M-03-24-25.pdf.pdf\">M 03 24-25.pdf<\/a><\/p>\n<p><a href=\"https:\/\/glazbena.hr\/wp-content\/uploads\/2025\/06\/M-04-24-25.pdf.pdf\">M 04 24-25.pdf<\/a><\/p>\n<p><a href=\"https:\/\/glazbena.hr\/wp-content\/uploads\/2025\/06\/M-05-24-25.pdf.pdf\">M 05 24-25.pdf<\/a><\/p>\n<p><a href=\"https:\/\/glazbena.hr\/wp-content\/uploads\/2025\/06\/M-06-24-25.pdf.pdf\">M 06 24-25.pdf<\/a><\/p>\n<p><a href=\"https:\/\/glazbena.hr\/wp-content\/uploads\/2025\/06\/M-07-24-25.pdf.pdf\">M 07 24-25.pdf<\/a><\/p>\n<p><a href=\"https:\/\/glazbena.hr\/wp-content\/uploads\/2025\/06\/M-08-24-25.pdf.pdf\">M 08 24-25.pdf<\/a><\/p>\n<p><a href=\"https:\/\/glazbena.hr\/wp-content\/uploads\/2025\/06\/M-09-24-25.pdf.pdf\">M 09 24-25.pdf<\/a><\/p>\n<p><a href=\"https:\/\/glazbena.hr\/wp-content\/uploads\/2025\/06\/M-10-24-25.pdf.pdf\">M 10 24-25.pdf<\/a><\/p>\n<p><a href=\"https:\/\/glazbena.hr\/wp-content\/uploads\/2025\/06\/M-11-24-25.pdf.pdf\">M 11 24-25.pdf<\/a><\/p>\n<p><a href=\"https:\/\/glazbena.hr\/wp-content\/uploads\/2025\/06\/M-12-24-25.pdf.pdf\">M 12 24-25.pdf<\/a><\/p>\n<p><a href=\"https:\/\/glazbena.hr\/wp-content\/uploads\/2025\/06\/M-13-24-25.pdf.pdf\">M 13 24-25.pdf<\/a><\/p>\n<p><a href=\"https:\/\/glazbena.hr\/wp-content\/uploads\/2025\/06\/M-14-24-25.pdf.pdf\">M 14 24-25.pdf<\/a><\/p>\n<p><a href=\"https:\/\/glazbena.hr\/wp-content\/uploads\/2025\/06\/M-15-24-25.pdf.pdf\">M 15 24-25.pdf<\/a><\/p>\n<p><a href=\"https:\/\/glazbena.hr\/wp-content\/uploads\/2025\/06\/M-16-24-25.pdf.pdf\">M 16 24-25.pdf<\/a><\/p>\n<p><a href=\"https:\/\/glazbena.hr\/wp-content\/uploads\/2025\/06\/M-17-24-25.pdf.pdf\">M 17 24-25.pdf<\/a><\/p>\n","protected":false},"excerpt":{"rendered":"<p>Tijekom \u0161kolske godine 2024.\/2025. u sklopu Matineje Glazbene \u0161kole u Vara\u017edinu odr\u017eano je ukupno 17 javnih doga\u0111anja, \u010dime je zna\u010dajno unaprje\u0111en rad \u0161kole i oja\u010dana njezina uloga u lokalnoj, \u017eupanijskoj i me\u0111unarodnoj zajednici. Voditelji Matineje, Lea \u0160antek, prof. savjetnik i Predrag \u0160antek, prof. savjetnik, ujedno su pripremali i organizirali sva javna doga\u0111anja, oblikuju\u0107i ih u [&hellip;]<\/p>\n","protected":false},"author":5,"featured_media":0,"comment_status":"closed","ping_status":"closed","sticky":false,"template":"","format":"standard","meta":{"footnotes":""},"categories":[70],"tags":[],"class_list":["post-39110","post","type-post","status-publish","format-standard","hentry","category-aktivnosti"],"translation":{"provider":"WPGlobus","version":"3.0.0","language":"gb","enabled_languages":["hr","gb"],"languages":{"hr":{"title":true,"content":true,"excerpt":false},"gb":{"title":false,"content":false,"excerpt":false}}},"_links":{"self":[{"href":"https:\/\/glazbena.hr\/gb\/wp-json\/wp\/v2\/posts\/39110","targetHints":{"allow":["GET"]}}],"collection":[{"href":"https:\/\/glazbena.hr\/gb\/wp-json\/wp\/v2\/posts"}],"about":[{"href":"https:\/\/glazbena.hr\/gb\/wp-json\/wp\/v2\/types\/post"}],"author":[{"embeddable":true,"href":"https:\/\/glazbena.hr\/gb\/wp-json\/wp\/v2\/users\/5"}],"replies":[{"embeddable":true,"href":"https:\/\/glazbena.hr\/gb\/wp-json\/wp\/v2\/comments?post=39110"}],"version-history":[{"count":2,"href":"https:\/\/glazbena.hr\/gb\/wp-json\/wp\/v2\/posts\/39110\/revisions"}],"predecessor-version":[{"id":39130,"href":"https:\/\/glazbena.hr\/gb\/wp-json\/wp\/v2\/posts\/39110\/revisions\/39130"}],"wp:attachment":[{"href":"https:\/\/glazbena.hr\/gb\/wp-json\/wp\/v2\/media?parent=39110"}],"wp:term":[{"taxonomy":"category","embeddable":true,"href":"https:\/\/glazbena.hr\/gb\/wp-json\/wp\/v2\/categories?post=39110"},{"taxonomy":"post_tag","embeddable":true,"href":"https:\/\/glazbena.hr\/gb\/wp-json\/wp\/v2\/tags?post=39110"}],"curies":[{"name":"wp","href":"https:\/\/api.w.org\/{rel}","templated":true}]}}