{"id":39198,"date":"2025-06-17T08:51:31","date_gmt":"2025-06-17T07:51:31","guid":{"rendered":"https:\/\/glazbena.hr\/?p=39198"},"modified":"2025-12-30T17:40:03","modified_gmt":"2025-12-30T16:40:03","slug":"glazbeno-lice-subotom-14-lipnja","status":"publish","type":"post","link":"https:\/\/glazbena.hr\/gb\/activity\/glazbeno-lice-subotom-14-lipnja\/","title":{"rendered":"Glazbeno lice subotom 14. lipnja"},"content":{"rendered":"<p>U subotu, 14. lipnja 2025., od 19:30 do 20:30 sati, na vara\u017edinskom Korzu odr\u017ean je posljednji nastup u sklopu suradnje s Turisti\u010dkom zajednicom Vara\u017edin i manifestacije \u201cGlazbeno lice subotom\u201d na kojem su se predstavili i na\u0161i talentirani u\u010denici.<\/p>\n<p>Na harmonici je nastupio u\u010denik Damjan Kramari\u0107, iz klase nastavnice Karmen Antunovi\u0107 Bla\u017eek, mag. mus.<\/p>\n<p>Na klaviru su se predstavili u\u010denici iz klase nastavnice Lee \u0160antek, prof. savjetnice:<\/p>\n<p>Vita Tenodi \u2013 Mala \u0161kola klavira<br \/>\nJulijana Ko\u0161i\u0107 \u010ca\u010di\u0107 \u2013 Mala \u0161kola klavira<br \/>\nLara \u0160incek \u2013 Mala \u0161kola klavira<br \/>\nJakov Hlebar \u2013 Projekt \u201cInstrumentarij\u201d<br \/>\nDavid Krneta \u2013 Mala \u0161kola klavira<br \/>\nBernard Gregurec \u2013 Mala \u0161kola klavira<br \/>\nVid Lazar \u2013 1. razred osnovne glazbene \u0161kole<br \/>\nJanko Lazar \u2013 4. razred osnovne glazbene \u0161kole<br \/>\nJakov Mija\u010d \u2013 Mala \u0161kola klavira<br \/>\nKlara Mija\u010d \u2013 Projekt \u201cInstrumentarij\u201d<br \/>\nBenjamin Lipovac \u2013 5. razred, Podru\u010dni odjel Vara\u017edinske Toplice<\/p>\n<p>U\u010denik Vid Lazar, 1.o., nastupio je i na violini u klasi nastavnice Lidije Bobi\u0107, prof. mentor, uz klavirsku suradnju nastavnice Lee \u0160antek, prof. savjetnik.<\/p>\n<p>Posebno iznena\u0111enje ve\u010deri bio je u\u010denik Oliver Krainc, 1.o. iz Podru\u010dnog odjela u Vara\u017edinskim Toplicama, iz klase nastavnice Silvije Novak, mag. mus., koji se slu\u010dajno zatekao na Korzu i spontano po\u017eelio svirati \u2013 \u0161to je publika s odu\u0161evljenjem prihvatila.<\/p>\n<p>Zahvaljujemo svim u\u010denicima, nastavnicima i roditeljima na prekrasnoj ve\u010deri.<\/p>\n<p><img loading=\"lazy\" decoding=\"async\" class=\"alignnone size-medium wp-image-39201\" src=\"https:\/\/glazbena.hr\/wp-content\/uploads\/2025\/06\/20250617_083412951_iOS-300x198.jpeg\" alt=\"\" width=\"300\" height=\"198\" srcset=\"https:\/\/glazbena.hr\/wp-content\/uploads\/2025\/06\/20250617_083412951_iOS-300x198.jpeg 300w, https:\/\/glazbena.hr\/wp-content\/uploads\/2025\/06\/20250617_083412951_iOS-1024x674.jpeg 1024w, https:\/\/glazbena.hr\/wp-content\/uploads\/2025\/06\/20250617_083412951_iOS-768x506.jpeg 768w, https:\/\/glazbena.hr\/wp-content\/uploads\/2025\/06\/20250617_083412951_iOS.jpeg 1169w\" sizes=\"auto, (max-width: 300px) 100vw, 300px\" \/>\u00a0 \u00a0<img loading=\"lazy\" decoding=\"async\" class=\"size-medium wp-image-39202\" src=\"https:\/\/glazbena.hr\/wp-content\/uploads\/2025\/06\/20250617_083432650_iOS-300x198.jpeg\" alt=\"\" width=\"300\" height=\"198\" srcset=\"https:\/\/glazbena.hr\/wp-content\/uploads\/2025\/06\/20250617_083432650_iOS-300x198.jpeg 300w, https:\/\/glazbena.hr\/wp-content\/uploads\/2025\/06\/20250617_083432650_iOS-1024x677.jpeg 1024w, https:\/\/glazbena.hr\/wp-content\/uploads\/2025\/06\/20250617_083432650_iOS-768x508.jpeg 768w, https:\/\/glazbena.hr\/wp-content\/uploads\/2025\/06\/20250617_083432650_iOS.jpeg 1170w\" sizes=\"auto, (max-width: 300px) 100vw, 300px\" \/><\/p>\n<p><img loading=\"lazy\" decoding=\"async\" class=\"alignnone size-medium wp-image-39211\" src=\"https:\/\/glazbena.hr\/wp-content\/uploads\/2025\/06\/20250617_090115226_iOS-300x163.jpeg\" alt=\"\" width=\"300\" height=\"163\" srcset=\"https:\/\/glazbena.hr\/wp-content\/uploads\/2025\/06\/20250617_090115226_iOS-300x163.jpeg 300w, https:\/\/glazbena.hr\/wp-content\/uploads\/2025\/06\/20250617_090115226_iOS-1024x557.jpeg 1024w, https:\/\/glazbena.hr\/wp-content\/uploads\/2025\/06\/20250617_090115226_iOS-768x418.jpeg 768w, https:\/\/glazbena.hr\/wp-content\/uploads\/2025\/06\/20250617_090115226_iOS-1536x836.jpeg 1536w, https:\/\/glazbena.hr\/wp-content\/uploads\/2025\/06\/20250617_090115226_iOS-2048x1115.jpeg 2048w\" sizes=\"auto, (max-width: 300px) 100vw, 300px\" \/> <img loading=\"lazy\" decoding=\"async\" class=\"alignnone size-medium wp-image-39214\" src=\"https:\/\/glazbena.hr\/wp-content\/uploads\/2025\/06\/20250617_090351674_iOS-300x143.jpeg\" alt=\"\" width=\"300\" height=\"143\" srcset=\"https:\/\/glazbena.hr\/wp-content\/uploads\/2025\/06\/20250617_090351674_iOS-300x143.jpeg 300w, https:\/\/glazbena.hr\/wp-content\/uploads\/2025\/06\/20250617_090351674_iOS-1024x488.jpeg 1024w, https:\/\/glazbena.hr\/wp-content\/uploads\/2025\/06\/20250617_090351674_iOS-768x366.jpeg 768w, https:\/\/glazbena.hr\/wp-content\/uploads\/2025\/06\/20250617_090351674_iOS-1536x732.jpeg 1536w, https:\/\/glazbena.hr\/wp-content\/uploads\/2025\/06\/20250617_090351674_iOS-2048x976.jpeg 2048w\" sizes=\"auto, (max-width: 300px) 100vw, 300px\" \/> <img loading=\"lazy\" decoding=\"async\" class=\"alignnone size-medium wp-image-39216\" src=\"https:\/\/glazbena.hr\/wp-content\/uploads\/2025\/06\/20250617_090433246_iOS-300x154.jpeg\" alt=\"\" width=\"300\" height=\"154\" srcset=\"https:\/\/glazbena.hr\/wp-content\/uploads\/2025\/06\/20250617_090433246_iOS-300x154.jpeg 300w, https:\/\/glazbena.hr\/wp-content\/uploads\/2025\/06\/20250617_090433246_iOS-1024x526.jpeg 1024w, https:\/\/glazbena.hr\/wp-content\/uploads\/2025\/06\/20250617_090433246_iOS-768x394.jpeg 768w, https:\/\/glazbena.hr\/wp-content\/uploads\/2025\/06\/20250617_090433246_iOS-1536x789.jpeg 1536w, https:\/\/glazbena.hr\/wp-content\/uploads\/2025\/06\/20250617_090433246_iOS-2048x1051.jpeg 2048w\" sizes=\"auto, (max-width: 300px) 100vw, 300px\" \/> <img loading=\"lazy\" decoding=\"async\" class=\"alignnone size-medium wp-image-39218\" src=\"https:\/\/glazbena.hr\/wp-content\/uploads\/2025\/06\/20250617_090511140_iOS-300x155.jpeg\" alt=\"\" width=\"300\" height=\"155\" srcset=\"https:\/\/glazbena.hr\/wp-content\/uploads\/2025\/06\/20250617_090511140_iOS-300x155.jpeg 300w, https:\/\/glazbena.hr\/wp-content\/uploads\/2025\/06\/20250617_090511140_iOS-1024x529.jpeg 1024w, https:\/\/glazbena.hr\/wp-content\/uploads\/2025\/06\/20250617_090511140_iOS-768x397.jpeg 768w, https:\/\/glazbena.hr\/wp-content\/uploads\/2025\/06\/20250617_090511140_iOS-1536x794.jpeg 1536w, https:\/\/glazbena.hr\/wp-content\/uploads\/2025\/06\/20250617_090511140_iOS-2048x1059.jpeg 2048w\" sizes=\"auto, (max-width: 300px) 100vw, 300px\" \/> <img loading=\"lazy\" decoding=\"async\" class=\"alignnone size-medium wp-image-39222\" src=\"https:\/\/glazbena.hr\/wp-content\/uploads\/2025\/06\/IMG_6973-300x169.jpg\" alt=\"\" width=\"300\" height=\"169\" srcset=\"https:\/\/glazbena.hr\/wp-content\/uploads\/2025\/06\/IMG_6973-300x169.jpg 300w, https:\/\/glazbena.hr\/wp-content\/uploads\/2025\/06\/IMG_6973-1024x576.jpg 1024w, https:\/\/glazbena.hr\/wp-content\/uploads\/2025\/06\/IMG_6973-768x432.jpg 768w, https:\/\/glazbena.hr\/wp-content\/uploads\/2025\/06\/IMG_6973-1536x864.jpg 1536w, https:\/\/glazbena.hr\/wp-content\/uploads\/2025\/06\/IMG_6973.jpg 1600w\" sizes=\"auto, (max-width: 300px) 100vw, 300px\" \/><\/p>\n","protected":false},"excerpt":{"rendered":"<p>U subotu, 14. lipnja 2025., od 19:30 do 20:30 sati, na vara\u017edinskom Korzu odr\u017ean je posljednji nastup u sklopu suradnje s Turisti\u010dkom zajednicom Vara\u017edin i manifestacije \u201cGlazbeno lice subotom\u201d na kojem su se predstavili i na\u0161i talentirani u\u010denici. Na harmonici je nastupio u\u010denik Damjan Kramari\u0107, iz klase nastavnice Karmen Antunovi\u0107 Bla\u017eek, mag. mus. Na klaviru [&hellip;]<\/p>\n","protected":false},"author":5,"featured_media":0,"comment_status":"closed","ping_status":"closed","sticky":false,"template":"","format":"standard","meta":{"footnotes":""},"categories":[70],"tags":[],"class_list":["post-39198","post","type-post","status-publish","format-standard","hentry","category-aktivnosti"],"translation":{"provider":"WPGlobus","version":"3.0.0","language":"gb","enabled_languages":["hr","gb"],"languages":{"hr":{"title":true,"content":true,"excerpt":false},"gb":{"title":false,"content":false,"excerpt":false}}},"_links":{"self":[{"href":"https:\/\/glazbena.hr\/gb\/wp-json\/wp\/v2\/posts\/39198","targetHints":{"allow":["GET"]}}],"collection":[{"href":"https:\/\/glazbena.hr\/gb\/wp-json\/wp\/v2\/posts"}],"about":[{"href":"https:\/\/glazbena.hr\/gb\/wp-json\/wp\/v2\/types\/post"}],"author":[{"embeddable":true,"href":"https:\/\/glazbena.hr\/gb\/wp-json\/wp\/v2\/users\/5"}],"replies":[{"embeddable":true,"href":"https:\/\/glazbena.hr\/gb\/wp-json\/wp\/v2\/comments?post=39198"}],"version-history":[{"count":5,"href":"https:\/\/glazbena.hr\/gb\/wp-json\/wp\/v2\/posts\/39198\/revisions"}],"predecessor-version":[{"id":40265,"href":"https:\/\/glazbena.hr\/gb\/wp-json\/wp\/v2\/posts\/39198\/revisions\/40265"}],"wp:attachment":[{"href":"https:\/\/glazbena.hr\/gb\/wp-json\/wp\/v2\/media?parent=39198"}],"wp:term":[{"taxonomy":"category","embeddable":true,"href":"https:\/\/glazbena.hr\/gb\/wp-json\/wp\/v2\/categories?post=39198"},{"taxonomy":"post_tag","embeddable":true,"href":"https:\/\/glazbena.hr\/gb\/wp-json\/wp\/v2\/tags?post=39198"}],"curies":[{"name":"wp","href":"https:\/\/api.w.org\/{rel}","templated":true}]}}