{"id":3923,"date":"2019-05-20T11:46:53","date_gmt":"2019-05-20T09:46:53","guid":{"rendered":"https:\/\/glazbena.hr\/?p=3923"},"modified":"2019-05-20T11:46:53","modified_gmt":"2019-05-20T09:46:53","slug":"3-tambura-instrumental-festival-zagreb","status":"publish","type":"post","link":"https:\/\/glazbena.hr\/gb\/activity\/3-tambura-instrumental-festival-zagreb\/","title":{"rendered":"3. Tambura Instrumental Festival Zagreb"},"content":{"rendered":"<p>U srijedu, 15. svibnja 2019. godine s po\u010detkom u 19,30 sati u Koncertnoj dvorani Blagoje Bersa odr\u017ean je 3. Tambura Instrumental Festival Zagreb na kojem su sudjelovali studenti Muzi\u010dke akademije u Zagrebu, solisti i tambura\u0161ki ansambli te u\u010denici srednjih glazbenih \u0161kola iz Po\u017eege i Vara\u017edina.<\/p>\n<p>Pod mentorstvom nastavnika Miodraga Paravinje, prof. nastupio je Tambura\u0161ki orkestar Glazbene \u0161kole u Vara\u017edinu u sastavu:<\/p>\n<p>Matija Patr\u010devi\u0107<br \/>\nMihael \u017dugec<br \/>\nElena Na\u0111<br \/>\nDamjan Turkovi\u0107<br \/>\nAndrija Ku\u010dar<br \/>\nEmanuel Vuk<br \/>\nJurica Tu\u0111an<br \/>\nLeon Krog<br \/>\nMarko Mumlek<br \/>\nKarlo Hr\u017eenjak<\/p>\n<p>&nbsp;<\/p>\n<p><a href=\"https:\/\/glazbena.hr\/wp-content\/uploads\/2019\/05\/IMG_6212.jpg\">\u00a0 \u00a0 <\/a><a href=\"https:\/\/glazbena.hr\/wp-content\/uploads\/2019\/05\/IMG_6213.jpg\"><img loading=\"lazy\" decoding=\"async\" class=\"alignnone wp-image-3925 size-medium\" src=\"https:\/\/glazbena.hr\/wp-content\/uploads\/2019\/05\/IMG_6213-300x225.jpg\" alt=\"\" width=\"300\" height=\"225\" srcset=\"https:\/\/glazbena.hr\/wp-content\/uploads\/2019\/05\/IMG_6213-300x225.jpg 300w, https:\/\/glazbena.hr\/wp-content\/uploads\/2019\/05\/IMG_6213-768x576.jpg 768w, https:\/\/glazbena.hr\/wp-content\/uploads\/2019\/05\/IMG_6213-1024x768.jpg 1024w, https:\/\/glazbena.hr\/wp-content\/uploads\/2019\/05\/IMG_6213.jpg 1280w\" sizes=\"auto, (max-width: 300px) 100vw, 300px\" \/>\u00a0 <\/a><a href=\"https:\/\/glazbena.hr\/wp-content\/uploads\/2019\/05\/IMG_6212.jpg\"><img loading=\"lazy\" decoding=\"async\" class=\"alignnone wp-image-3924 size-medium\" src=\"https:\/\/glazbena.hr\/wp-content\/uploads\/2019\/05\/IMG_6212-300x225.jpg\" alt=\"\" width=\"300\" height=\"225\" srcset=\"https:\/\/glazbena.hr\/wp-content\/uploads\/2019\/05\/IMG_6212-300x225.jpg 300w, https:\/\/glazbena.hr\/wp-content\/uploads\/2019\/05\/IMG_6212-768x576.jpg 768w, https:\/\/glazbena.hr\/wp-content\/uploads\/2019\/05\/IMG_6212-1024x768.jpg 1024w, https:\/\/glazbena.hr\/wp-content\/uploads\/2019\/05\/IMG_6212.jpg 1280w\" sizes=\"auto, (max-width: 300px) 100vw, 300px\" \/><\/a><\/p>\n<div id=\"attachment_3926\" style=\"width: 310px\" class=\"wp-caption alignnone\"><a href=\"https:\/\/glazbena.hr\/wp-content\/uploads\/2019\/05\/IMG_6228.jpg\"><img loading=\"lazy\" decoding=\"async\" aria-describedby=\"caption-attachment-3926\" class=\"wp-image-3926 size-medium\" src=\"https:\/\/glazbena.hr\/wp-content\/uploads\/2019\/05\/IMG_6228-300x225.jpg\" alt=\"\" width=\"300\" height=\"225\" srcset=\"https:\/\/glazbena.hr\/wp-content\/uploads\/2019\/05\/IMG_6228-300x225.jpg 300w, https:\/\/glazbena.hr\/wp-content\/uploads\/2019\/05\/IMG_6228-768x576.jpg 768w, https:\/\/glazbena.hr\/wp-content\/uploads\/2019\/05\/IMG_6228-1024x768.jpg 1024w\" sizes=\"auto, (max-width: 300px) 100vw, 300px\" \/><\/a><p id=\"caption-attachment-3926\" class=\"wp-caption-text\">Muzi\u010dka akademija Zagreb<\/p><\/div>\n<p>&nbsp;<\/p>\n","protected":false},"excerpt":{"rendered":"<p>U srijedu, 15. svibnja 2019. godine s po\u010detkom u 19,30 sati u Koncertnoj dvorani Blagoje Bersa odr\u017ean je 3. Tambura Instrumental Festival Zagreb na kojem su sudjelovali studenti Muzi\u010dke akademije u Zagrebu, solisti i tambura\u0161ki ansambli te u\u010denici srednjih glazbenih \u0161kola iz Po\u017eege i Vara\u017edina. Pod mentorstvom nastavnika Miodraga Paravinje, prof. nastupio je Tambura\u0161ki orkestar [&hellip;]<\/p>\n","protected":false},"author":5,"featured_media":0,"comment_status":"closed","ping_status":"closed","sticky":false,"template":"","format":"standard","meta":{"footnotes":""},"categories":[70],"tags":[],"class_list":["post-3923","post","type-post","status-publish","format-standard","hentry","category-aktivnosti"],"translation":{"provider":"WPGlobus","version":"3.0.0","language":"gb","enabled_languages":["hr","gb"],"languages":{"hr":{"title":true,"content":true,"excerpt":false},"gb":{"title":false,"content":false,"excerpt":false}}},"_links":{"self":[{"href":"https:\/\/glazbena.hr\/gb\/wp-json\/wp\/v2\/posts\/3923","targetHints":{"allow":["GET"]}}],"collection":[{"href":"https:\/\/glazbena.hr\/gb\/wp-json\/wp\/v2\/posts"}],"about":[{"href":"https:\/\/glazbena.hr\/gb\/wp-json\/wp\/v2\/types\/post"}],"author":[{"embeddable":true,"href":"https:\/\/glazbena.hr\/gb\/wp-json\/wp\/v2\/users\/5"}],"replies":[{"embeddable":true,"href":"https:\/\/glazbena.hr\/gb\/wp-json\/wp\/v2\/comments?post=3923"}],"version-history":[{"count":0,"href":"https:\/\/glazbena.hr\/gb\/wp-json\/wp\/v2\/posts\/3923\/revisions"}],"wp:attachment":[{"href":"https:\/\/glazbena.hr\/gb\/wp-json\/wp\/v2\/media?parent=3923"}],"wp:term":[{"taxonomy":"category","embeddable":true,"href":"https:\/\/glazbena.hr\/gb\/wp-json\/wp\/v2\/categories?post=3923"},{"taxonomy":"post_tag","embeddable":true,"href":"https:\/\/glazbena.hr\/gb\/wp-json\/wp\/v2\/tags?post=3923"}],"curies":[{"name":"wp","href":"https:\/\/api.w.org\/{rel}","templated":true}]}}