{"id":39276,"date":"2025-06-26T11:15:40","date_gmt":"2025-06-26T10:15:40","guid":{"rendered":"https:\/\/glazbena.hr\/?p=39276"},"modified":"2025-06-26T11:15:40","modified_gmt":"2025-06-26T10:15:40","slug":"korosko-klavirsko-tekmovanje-2025","status":"publish","type":"post","link":"https:\/\/glazbena.hr\/gb\/activity\/korosko-klavirsko-tekmovanje-2025\/","title":{"rendered":"Koro\u0161ko klavirsko tekmovanje 2025."},"content":{"rendered":"<p>U razdoblju od 30. svibnja do 2. lipnja 2025. godine odr\u017eano je Koro\u0161ko klavirsko tekmovanje u Radlju ob Dravi, u Sloveniji.<\/p>\n<p>Na\u0161i su u\u010denici klaviristi ostvarili hvalevrijedne rezultate:<\/p>\n<p>KRISTIJAN ALIMANOVI\u0106 je u 2. kategoriji osvojio zlatnu nagradu (mentor Domagoj Ko\u0161\u0107ak, mag. mus.).<\/p>\n<p>LUCIJA HUM (Podru\u010dni odjelu u Ivancu) je u 2. kategoriji osvojila srebrnu nagradu (mentorica Lana Buba\u0161, mag. mus.).<\/p>\n<p>MIRJAM \u010cAVLEK (Podru\u010dni odjel u Ivancu) je u 3. kategoriji osvojila bron\u010danu nagradu (mentorica Lana Buba\u0161, mag. mus.).<\/p>\n<p>\u010cestitamo!<\/p>\n<p><img loading=\"lazy\" decoding=\"async\" class=\"alignnone size-medium wp-image-39278\" src=\"https:\/\/glazbena.hr\/wp-content\/uploads\/2025\/06\/Lucija-1-225x300.jpg\" alt=\"\" width=\"225\" height=\"300\" srcset=\"https:\/\/glazbena.hr\/wp-content\/uploads\/2025\/06\/Lucija-1-225x300.jpg 225w, https:\/\/glazbena.hr\/wp-content\/uploads\/2025\/06\/Lucija-1-768x1024.jpg 768w, https:\/\/glazbena.hr\/wp-content\/uploads\/2025\/06\/Lucija-1-1152x1536.jpg 1152w, https:\/\/glazbena.hr\/wp-content\/uploads\/2025\/06\/Lucija-1-1536x2048.jpg 1536w, https:\/\/glazbena.hr\/wp-content\/uploads\/2025\/06\/Lucija-1-scaled.jpg 1920w\" sizes=\"auto, (max-width: 225px) 100vw, 225px\" \/> <img loading=\"lazy\" decoding=\"async\" class=\"alignnone size-medium wp-image-39279\" src=\"https:\/\/glazbena.hr\/wp-content\/uploads\/2025\/06\/Mirjam-2-225x300.jpg\" alt=\"\" width=\"225\" height=\"300\" srcset=\"https:\/\/glazbena.hr\/wp-content\/uploads\/2025\/06\/Mirjam-2-225x300.jpg 225w, https:\/\/glazbena.hr\/wp-content\/uploads\/2025\/06\/Mirjam-2-768x1024.jpg 768w, https:\/\/glazbena.hr\/wp-content\/uploads\/2025\/06\/Mirjam-2-1152x1536.jpg 1152w, https:\/\/glazbena.hr\/wp-content\/uploads\/2025\/06\/Mirjam-2.jpg 1200w\" sizes=\"auto, (max-width: 225px) 100vw, 225px\" \/> <img loading=\"lazy\" decoding=\"async\" class=\"alignnone size-medium wp-image-39280\" src=\"https:\/\/glazbena.hr\/wp-content\/uploads\/2025\/06\/Mirjam-za-klavirom-korosko-282x300.jpg\" alt=\"\" width=\"282\" height=\"300\" srcset=\"https:\/\/glazbena.hr\/wp-content\/uploads\/2025\/06\/Mirjam-za-klavirom-korosko-282x300.jpg 282w, https:\/\/glazbena.hr\/wp-content\/uploads\/2025\/06\/Mirjam-za-klavirom-korosko-964x1024.jpg 964w, https:\/\/glazbena.hr\/wp-content\/uploads\/2025\/06\/Mirjam-za-klavirom-korosko-768x816.jpg 768w, https:\/\/glazbena.hr\/wp-content\/uploads\/2025\/06\/Mirjam-za-klavirom-korosko-1445x1536.jpg 1445w, https:\/\/glazbena.hr\/wp-content\/uploads\/2025\/06\/Mirjam-za-klavirom-korosko-1927x2048.jpg 1927w\" sizes=\"auto, (max-width: 282px) 100vw, 282px\" \/><\/p>\n<p><img loading=\"lazy\" decoding=\"async\" class=\"alignnone size-medium wp-image-39281\" src=\"https:\/\/glazbena.hr\/wp-content\/uploads\/2025\/06\/Mirjam-1-1-225x300.jpg\" alt=\"\" width=\"225\" height=\"300\" srcset=\"https:\/\/glazbena.hr\/wp-content\/uploads\/2025\/06\/Mirjam-1-1-225x300.jpg 225w, https:\/\/glazbena.hr\/wp-content\/uploads\/2025\/06\/Mirjam-1-1-768x1024.jpg 768w, https:\/\/glazbena.hr\/wp-content\/uploads\/2025\/06\/Mirjam-1-1-1152x1536.jpg 1152w, https:\/\/glazbena.hr\/wp-content\/uploads\/2025\/06\/Mirjam-1-1.jpg 1200w\" sizes=\"auto, (max-width: 225px) 100vw, 225px\" \/> <img loading=\"lazy\" decoding=\"async\" class=\"alignnone size-medium wp-image-39283\" src=\"https:\/\/glazbena.hr\/wp-content\/uploads\/2025\/06\/Lucija-za-klavirom-korosko-300x139.jpg\" alt=\"\" width=\"300\" height=\"139\" srcset=\"https:\/\/glazbena.hr\/wp-content\/uploads\/2025\/06\/Lucija-za-klavirom-korosko-300x139.jpg 300w, https:\/\/glazbena.hr\/wp-content\/uploads\/2025\/06\/Lucija-za-klavirom-korosko-1024x473.jpg 1024w, https:\/\/glazbena.hr\/wp-content\/uploads\/2025\/06\/Lucija-za-klavirom-korosko-768x355.jpg 768w, https:\/\/glazbena.hr\/wp-content\/uploads\/2025\/06\/Lucija-za-klavirom-korosko-1536x709.jpg 1536w, https:\/\/glazbena.hr\/wp-content\/uploads\/2025\/06\/Lucija-za-klavirom-korosko.jpg 2040w\" sizes=\"auto, (max-width: 300px) 100vw, 300px\" \/><\/p>\n","protected":false},"excerpt":{"rendered":"<p>U razdoblju od 30. svibnja do 2. lipnja 2025. godine odr\u017eano je Koro\u0161ko klavirsko tekmovanje u Radlju ob Dravi, u Sloveniji. Na\u0161i su u\u010denici klaviristi ostvarili hvalevrijedne rezultate: KRISTIJAN ALIMANOVI\u0106 je u 2. kategoriji osvojio zlatnu nagradu (mentor Domagoj Ko\u0161\u0107ak, mag. mus.). LUCIJA HUM (Podru\u010dni odjelu u Ivancu) je u 2. kategoriji osvojila srebrnu nagradu [&hellip;]<\/p>\n","protected":false},"author":5,"featured_media":0,"comment_status":"closed","ping_status":"closed","sticky":false,"template":"","format":"standard","meta":{"footnotes":""},"categories":[70],"tags":[],"class_list":["post-39276","post","type-post","status-publish","format-standard","hentry","category-aktivnosti"],"translation":{"provider":"WPGlobus","version":"3.0.0","language":"gb","enabled_languages":["hr","gb"],"languages":{"hr":{"title":true,"content":true,"excerpt":false},"gb":{"title":false,"content":false,"excerpt":false}}},"_links":{"self":[{"href":"https:\/\/glazbena.hr\/gb\/wp-json\/wp\/v2\/posts\/39276","targetHints":{"allow":["GET"]}}],"collection":[{"href":"https:\/\/glazbena.hr\/gb\/wp-json\/wp\/v2\/posts"}],"about":[{"href":"https:\/\/glazbena.hr\/gb\/wp-json\/wp\/v2\/types\/post"}],"author":[{"embeddable":true,"href":"https:\/\/glazbena.hr\/gb\/wp-json\/wp\/v2\/users\/5"}],"replies":[{"embeddable":true,"href":"https:\/\/glazbena.hr\/gb\/wp-json\/wp\/v2\/comments?post=39276"}],"version-history":[{"count":2,"href":"https:\/\/glazbena.hr\/gb\/wp-json\/wp\/v2\/posts\/39276\/revisions"}],"predecessor-version":[{"id":39285,"href":"https:\/\/glazbena.hr\/gb\/wp-json\/wp\/v2\/posts\/39276\/revisions\/39285"}],"wp:attachment":[{"href":"https:\/\/glazbena.hr\/gb\/wp-json\/wp\/v2\/media?parent=39276"}],"wp:term":[{"taxonomy":"category","embeddable":true,"href":"https:\/\/glazbena.hr\/gb\/wp-json\/wp\/v2\/categories?post=39276"},{"taxonomy":"post_tag","embeddable":true,"href":"https:\/\/glazbena.hr\/gb\/wp-json\/wp\/v2\/tags?post=39276"}],"curies":[{"name":"wp","href":"https:\/\/api.w.org\/{rel}","templated":true}]}}