{"id":39331,"date":"2025-07-05T10:14:17","date_gmt":"2025-07-05T09:14:17","guid":{"rendered":"https:\/\/glazbena.hr\/?p=39331"},"modified":"2025-07-05T10:14:17","modified_gmt":"2025-07-05T09:14:17","slug":"klavirski-recital-milana-ostrica-murska-sobota-23-lipnja-2025","status":"publish","type":"post","link":"https:\/\/glazbena.hr\/gb\/activity\/klavirski-recital-milana-ostrica-murska-sobota-23-lipnja-2025\/","title":{"rendered":"Klavirski recital Milana O\u0161tri\u0107a \u2013 Murska Sobota, 23. lipnja 2025."},"content":{"rendered":"<p>U ponedjeljak, 23. lipnja, u koncertnoj dvorani u Murskoj Soboti odr\u017ean je dojmljiv klavirski recital mladog pijanista Milana O\u0161tri\u0107a, u\u010denika tre\u0107eg razreda srednje Glazbene \u0161kole u Vara\u017edinu, u razredu Predraga \u0160anteka, prof. savjetnik. Program je bio pa\u017eljivo odabran i stilski raznolik, obuhvativ\u0161i djela Sergeja Bortkiewicza, Fr\u00e9d\u00e9rica Chopina, Ludwiga van Beethovena, Wolfganga Amadeusa Mozarta i Franza Schuberta \u2013 autora koji svaki na svoj na\u010din tra\u017ee zrelost interpretacije, tehni\u010dku sigurnost i izra\u017eajnu dubinu. Milan je svojim recitalom ostavio dojam izrazito nadarenog i predanog mladog glazbenika, koji posjeduje tehni\u010dku sigurnost, stilsku raznolikost i izgra\u0111enu glazbenu osobnost. Njegova interpretacija nije bila tek rezultat rada na tehni\u010dkoj izvedbi, ve\u0107 i plod dubokog promi\u0161ljanja i emocionalnog sazrijevanja.<\/p>\n<p>Publika u Murskoj Soboti nagradila je izvedbe dugim i toplim pljeskom, a recital \u0107e zasigurno ostati u pam\u0107enju kao svijetla to\u010dka mladena\u010dkog glazbenog entuzijazma i iznimnog talenta.<\/p>\n<p><img loading=\"lazy\" decoding=\"async\" class=\"alignnone size-medium wp-image-39332\" src=\"https:\/\/glazbena.hr\/wp-content\/uploads\/2025\/07\/image2-300x200.jpeg\" alt=\"\" width=\"300\" height=\"200\" srcset=\"https:\/\/glazbena.hr\/wp-content\/uploads\/2025\/07\/image2-300x200.jpeg 300w, https:\/\/glazbena.hr\/wp-content\/uploads\/2025\/07\/image2-1024x681.jpeg 1024w, https:\/\/glazbena.hr\/wp-content\/uploads\/2025\/07\/image2-768x511.jpeg 768w, https:\/\/glazbena.hr\/wp-content\/uploads\/2025\/07\/image2-1536x1022.jpeg 1536w, https:\/\/glazbena.hr\/wp-content\/uploads\/2025\/07\/image2.jpeg 1599w\" sizes=\"auto, (max-width: 300px) 100vw, 300px\" \/> <img loading=\"lazy\" decoding=\"async\" class=\"alignnone size-medium wp-image-39333\" src=\"https:\/\/glazbena.hr\/wp-content\/uploads\/2025\/07\/image1-1-300x235.jpeg\" alt=\"\" width=\"300\" height=\"235\" srcset=\"https:\/\/glazbena.hr\/wp-content\/uploads\/2025\/07\/image1-1-300x235.jpeg 300w, https:\/\/glazbena.hr\/wp-content\/uploads\/2025\/07\/image1-1-1024x802.jpeg 1024w, https:\/\/glazbena.hr\/wp-content\/uploads\/2025\/07\/image1-1-768x601.jpeg 768w, https:\/\/glazbena.hr\/wp-content\/uploads\/2025\/07\/image1-1-1536x1203.jpeg 1536w, https:\/\/glazbena.hr\/wp-content\/uploads\/2025\/07\/image1-1.jpeg 1599w\" sizes=\"auto, (max-width: 300px) 100vw, 300px\" \/> <img loading=\"lazy\" decoding=\"async\" class=\"alignnone size-medium wp-image-39334\" src=\"https:\/\/glazbena.hr\/wp-content\/uploads\/2025\/07\/image0-6-300x185.jpeg\" alt=\"\" width=\"300\" height=\"185\" srcset=\"https:\/\/glazbena.hr\/wp-content\/uploads\/2025\/07\/image0-6-300x185.jpeg 300w, https:\/\/glazbena.hr\/wp-content\/uploads\/2025\/07\/image0-6-1024x630.jpeg 1024w, https:\/\/glazbena.hr\/wp-content\/uploads\/2025\/07\/image0-6-768x473.jpeg 768w, https:\/\/glazbena.hr\/wp-content\/uploads\/2025\/07\/image0-6-1536x945.jpeg 1536w, https:\/\/glazbena.hr\/wp-content\/uploads\/2025\/07\/image0-6.jpeg 2048w\" sizes=\"auto, (max-width: 300px) 100vw, 300px\" \/><\/p>\n","protected":false},"excerpt":{"rendered":"<p>U ponedjeljak, 23. lipnja, u koncertnoj dvorani u Murskoj Soboti odr\u017ean je dojmljiv klavirski recital mladog pijanista Milana O\u0161tri\u0107a, u\u010denika tre\u0107eg razreda srednje Glazbene \u0161kole u Vara\u017edinu, u razredu Predraga \u0160anteka, prof. savjetnik. Program je bio pa\u017eljivo odabran i stilski raznolik, obuhvativ\u0161i djela Sergeja Bortkiewicza, Fr\u00e9d\u00e9rica Chopina, Ludwiga van Beethovena, Wolfganga Amadeusa Mozarta i Franza [&hellip;]<\/p>\n","protected":false},"author":5,"featured_media":0,"comment_status":"closed","ping_status":"closed","sticky":false,"template":"","format":"standard","meta":{"footnotes":""},"categories":[70],"tags":[],"class_list":["post-39331","post","type-post","status-publish","format-standard","hentry","category-aktivnosti"],"translation":{"provider":"WPGlobus","version":"3.0.0","language":"gb","enabled_languages":["hr","gb"],"languages":{"hr":{"title":true,"content":true,"excerpt":false},"gb":{"title":false,"content":false,"excerpt":false}}},"_links":{"self":[{"href":"https:\/\/glazbena.hr\/gb\/wp-json\/wp\/v2\/posts\/39331","targetHints":{"allow":["GET"]}}],"collection":[{"href":"https:\/\/glazbena.hr\/gb\/wp-json\/wp\/v2\/posts"}],"about":[{"href":"https:\/\/glazbena.hr\/gb\/wp-json\/wp\/v2\/types\/post"}],"author":[{"embeddable":true,"href":"https:\/\/glazbena.hr\/gb\/wp-json\/wp\/v2\/users\/5"}],"replies":[{"embeddable":true,"href":"https:\/\/glazbena.hr\/gb\/wp-json\/wp\/v2\/comments?post=39331"}],"version-history":[{"count":2,"href":"https:\/\/glazbena.hr\/gb\/wp-json\/wp\/v2\/posts\/39331\/revisions"}],"predecessor-version":[{"id":39336,"href":"https:\/\/glazbena.hr\/gb\/wp-json\/wp\/v2\/posts\/39331\/revisions\/39336"}],"wp:attachment":[{"href":"https:\/\/glazbena.hr\/gb\/wp-json\/wp\/v2\/media?parent=39331"}],"wp:term":[{"taxonomy":"category","embeddable":true,"href":"https:\/\/glazbena.hr\/gb\/wp-json\/wp\/v2\/categories?post=39331"},{"taxonomy":"post_tag","embeddable":true,"href":"https:\/\/glazbena.hr\/gb\/wp-json\/wp\/v2\/tags?post=39331"}],"curies":[{"name":"wp","href":"https:\/\/api.w.org\/{rel}","templated":true}]}}