{"id":39383,"date":"2025-07-14T13:27:24","date_gmt":"2025-07-14T12:27:24","guid":{"rendered":"https:\/\/glazbena.hr\/?p=39383"},"modified":"2025-07-14T13:27:24","modified_gmt":"2025-07-14T12:27:24","slug":"slobodna-upisna-mjesta-za-predskolske-programe-glazbene-skole-u-varazdinu-jesenski-upisni-rok","status":"publish","type":"post","link":"https:\/\/glazbena.hr\/gb\/predskolski-program\/slobodna-upisna-mjesta-za-predskolske-programe-glazbene-skole-u-varazdinu-jesenski-upisni-rok\/","title":{"rendered":"Slobodna upisna mjesta za pred\u0161kolske programe Glazbene \u0161kole u Vara\u017edinu &#8211; jesenski upisni rok"},"content":{"rendered":"<p><a href=\"https:\/\/glazbena.hr\/wp-content\/uploads\/2025\/07\/Slobodna-upisna-mjesta-za-jesenski-upisni-rok-predskolski-programi-sk.-god.-2025.2026.pdf\" target=\"_blank\" rel=\"noopener\">Slobodna upisna mjesta za jesenski upisni rok &#8211; pred\u0161kolski programi &#8211; \u0161k. god. 2025.2026.<\/a><\/p>\n<p><a href=\"https:\/\/glazbena.hr\/wp-content\/uploads\/2025\/07\/Pravilnik-o-organizaciji-i-provodenju-prijemne-audicije-za-upis-kandidata-u-predskolske-programe-od-9.5.2023.-2.pdf\" target=\"_blank\" rel=\"noopener\">Pravilnik o organizaciji i provo\u0111enju prijemne audicije za upis kandidata u pred\u0161kolske programe od 9.5.2023.<\/a><\/p>\n<p><a href=\"https:\/\/glazbena.hr\/wp-content\/uploads\/2025\/07\/Izmjene-i-dopune-Pravilnika-o-organizaciji-i-provodenju-prijemne-audicije-predsk.-programi-od-3.6.2025.pdf\" target=\"_blank\" rel=\"noopener\">Izmjene i dopune Pravilnika o organizaciji i provo\u0111enju prijemne audicije &#8211; pred\u0161k. programi od 3.6.2025.<\/a><\/p>\n<p><a href=\"https:\/\/glazbena.hr\/wp-content\/uploads\/2025\/07\/PRIJAVNICA-za-AUDICIJU-predskolski-programi-1.pdf\" target=\"_blank\" rel=\"noopener\">PRIJAVNICA-za-AUDICIJU-pred\u0161kolski programi<\/a><\/p>\n<p><a href=\"https:\/\/glazbena.hr\/wp-content\/uploads\/2025\/07\/Natjecaj-za-upis-polaznika-predskolskih-programa-u-sk.-god.-2025.2026.-2.pdf\" target=\"_blank\" rel=\"noopener\">Natje\u010daj za upis polaznika pred\u0161kolskih programa u \u0161k. god. 2025.2026.<\/a><\/p>\n<p><a href=\"https:\/\/glazbena.hr\/wp-content\/uploads\/2025\/07\/Odluka-o-visini-participacije-male-glazbene-skole-u-sk.-god.-2025.2026.pdf\" target=\"_blank\" rel=\"noopener\">Odluka o visini participacije &#8211; male glazbene \u0161kole u \u0161k. god. 2025.2026<\/a><\/p>\n<p><a href=\"https:\/\/glazbena.hr\/wp-content\/uploads\/2025\/07\/Odluka-o-visini-participacije-pocetnicki-solfeggio-i-djecji-zbor-u-sk.-god.-2025.2026.pdf\" target=\"_blank\" rel=\"noopener\">Odluka o visini participacije &#8211; po\u010detni\u010dki solfeggio i dje\u010dji zbor u \u0161k. god. 2025.2026<\/a><\/p>\n<p>&nbsp;<\/p>\n","protected":false},"excerpt":{"rendered":"<p>Slobodna upisna mjesta za jesenski upisni rok &#8211; pred\u0161kolski programi &#8211; \u0161k. god. 2025.2026. Pravilnik o organizaciji i provo\u0111enju prijemne audicije za upis kandidata u pred\u0161kolske programe od 9.5.2023. Izmjene i dopune Pravilnika o organizaciji i provo\u0111enju prijemne audicije &#8211; pred\u0161k. programi od 3.6.2025. PRIJAVNICA-za-AUDICIJU-pred\u0161kolski programi Natje\u010daj za upis polaznika pred\u0161kolskih programa u \u0161k. god. [&hellip;]<\/p>\n","protected":false},"author":5,"featured_media":0,"comment_status":"closed","ping_status":"closed","sticky":false,"template":"","format":"standard","meta":{"footnotes":""},"categories":[60],"tags":[],"class_list":["post-39383","post","type-post","status-publish","format-standard","hentry","category-predskolski-program"],"translation":{"provider":"WPGlobus","version":"3.0.0","language":"gb","enabled_languages":["hr","gb"],"languages":{"hr":{"title":true,"content":true,"excerpt":false},"gb":{"title":false,"content":false,"excerpt":false}}},"_links":{"self":[{"href":"https:\/\/glazbena.hr\/gb\/wp-json\/wp\/v2\/posts\/39383","targetHints":{"allow":["GET"]}}],"collection":[{"href":"https:\/\/glazbena.hr\/gb\/wp-json\/wp\/v2\/posts"}],"about":[{"href":"https:\/\/glazbena.hr\/gb\/wp-json\/wp\/v2\/types\/post"}],"author":[{"embeddable":true,"href":"https:\/\/glazbena.hr\/gb\/wp-json\/wp\/v2\/users\/5"}],"replies":[{"embeddable":true,"href":"https:\/\/glazbena.hr\/gb\/wp-json\/wp\/v2\/comments?post=39383"}],"version-history":[{"count":2,"href":"https:\/\/glazbena.hr\/gb\/wp-json\/wp\/v2\/posts\/39383\/revisions"}],"predecessor-version":[{"id":39385,"href":"https:\/\/glazbena.hr\/gb\/wp-json\/wp\/v2\/posts\/39383\/revisions\/39385"}],"wp:attachment":[{"href":"https:\/\/glazbena.hr\/gb\/wp-json\/wp\/v2\/media?parent=39383"}],"wp:term":[{"taxonomy":"category","embeddable":true,"href":"https:\/\/glazbena.hr\/gb\/wp-json\/wp\/v2\/categories?post=39383"},{"taxonomy":"post_tag","embeddable":true,"href":"https:\/\/glazbena.hr\/gb\/wp-json\/wp\/v2\/tags?post=39383"}],"curies":[{"name":"wp","href":"https:\/\/api.w.org\/{rel}","templated":true}]}}