{"id":39566,"date":"2025-09-12T08:05:57","date_gmt":"2025-09-12T07:05:57","guid":{"rendered":"https:\/\/glazbena.hr\/?p=39566"},"modified":"2025-09-12T08:21:24","modified_gmt":"2025-09-12T07:21:24","slug":"koncert-hane-novoselec-klavir","status":"publish","type":"post","link":"https:\/\/glazbena.hr\/gb\/activity\/koncert-hane-novoselec-klavir\/","title":{"rendered":"Koncert Hane Novoselec, klavir"},"content":{"rendered":"<p>Pozivamo vas na koncert mlade pijanistice Hane Novoselec, studentice Muzi\u010dke akademije u Zagrebu u klasi izv. prof. Filipa Faka.<\/p>\n<p>Na\u00a0programu su djela Bacha, Beethovena, Debussyja, Bart\u00f3ka, \u0160ipu\u0161a i Liszta.<\/p>\n<p>Koncert \u0107e se odr\u017eati u Velikoj koncertnoj dvorani Glazbene \u0161kole u Vara\u017edinu 12. rujna 2025. u 17:30 sati.<\/p>\n<p>Ulaz slobodan!<\/p>\n<p><a href=\"https:\/\/glazbena.hr\/wp-content\/uploads\/2025\/09\/HANA-NOVOSELEC-program.pdf\">HANA NOVOSELEC, program<\/a><\/p>\n<p><img loading=\"lazy\" decoding=\"async\" class=\"alignnone wp-image-39568 size-large\" src=\"https:\/\/glazbena.hr\/wp-content\/uploads\/2025\/09\/HANA-NOVOSELEC-plakat-724x1024.png\" alt=\"\" width=\"724\" height=\"1024\" srcset=\"https:\/\/glazbena.hr\/wp-content\/uploads\/2025\/09\/HANA-NOVOSELEC-plakat-724x1024.png 724w, https:\/\/glazbena.hr\/wp-content\/uploads\/2025\/09\/HANA-NOVOSELEC-plakat-212x300.png 212w, https:\/\/glazbena.hr\/wp-content\/uploads\/2025\/09\/HANA-NOVOSELEC-plakat-768x1086.png 768w, https:\/\/glazbena.hr\/wp-content\/uploads\/2025\/09\/HANA-NOVOSELEC-plakat-1086x1536.png 1086w, https:\/\/glazbena.hr\/wp-content\/uploads\/2025\/09\/HANA-NOVOSELEC-plakat-1448x2048.png 1448w, https:\/\/glazbena.hr\/wp-content\/uploads\/2025\/09\/HANA-NOVOSELEC-plakat.png 1587w\" sizes=\"auto, (max-width: 724px) 100vw, 724px\" \/><\/p>\n","protected":false},"excerpt":{"rendered":"<p>Pozivamo vas na koncert mlade pijanistice Hane Novoselec, studentice Muzi\u010dke akademije u Zagrebu u klasi izv. prof. Filipa Faka. Na\u00a0programu su djela Bacha, Beethovena, Debussyja, Bart\u00f3ka, \u0160ipu\u0161a i Liszta. Koncert \u0107e se odr\u017eati u Velikoj koncertnoj dvorani Glazbene \u0161kole u Vara\u017edinu 12. rujna 2025. u 17:30 sati. Ulaz slobodan! HANA NOVOSELEC, program<\/p>\n","protected":false},"author":5,"featured_media":0,"comment_status":"closed","ping_status":"closed","sticky":false,"template":"","format":"standard","meta":{"footnotes":""},"categories":[70],"tags":[],"class_list":["post-39566","post","type-post","status-publish","format-standard","hentry","category-aktivnosti"],"translation":{"provider":"WPGlobus","version":"3.0.0","language":"gb","enabled_languages":["hr","gb"],"languages":{"hr":{"title":true,"content":true,"excerpt":false},"gb":{"title":false,"content":false,"excerpt":false}}},"_links":{"self":[{"href":"https:\/\/glazbena.hr\/gb\/wp-json\/wp\/v2\/posts\/39566","targetHints":{"allow":["GET"]}}],"collection":[{"href":"https:\/\/glazbena.hr\/gb\/wp-json\/wp\/v2\/posts"}],"about":[{"href":"https:\/\/glazbena.hr\/gb\/wp-json\/wp\/v2\/types\/post"}],"author":[{"embeddable":true,"href":"https:\/\/glazbena.hr\/gb\/wp-json\/wp\/v2\/users\/5"}],"replies":[{"embeddable":true,"href":"https:\/\/glazbena.hr\/gb\/wp-json\/wp\/v2\/comments?post=39566"}],"version-history":[{"count":3,"href":"https:\/\/glazbena.hr\/gb\/wp-json\/wp\/v2\/posts\/39566\/revisions"}],"predecessor-version":[{"id":39570,"href":"https:\/\/glazbena.hr\/gb\/wp-json\/wp\/v2\/posts\/39566\/revisions\/39570"}],"wp:attachment":[{"href":"https:\/\/glazbena.hr\/gb\/wp-json\/wp\/v2\/media?parent=39566"}],"wp:term":[{"taxonomy":"category","embeddable":true,"href":"https:\/\/glazbena.hr\/gb\/wp-json\/wp\/v2\/categories?post=39566"},{"taxonomy":"post_tag","embeddable":true,"href":"https:\/\/glazbena.hr\/gb\/wp-json\/wp\/v2\/tags?post=39566"}],"curies":[{"name":"wp","href":"https:\/\/api.w.org\/{rel}","templated":true}]}}