{"id":39619,"date":"2025-10-07T15:27:29","date_gmt":"2025-10-07T14:27:29","guid":{"rendered":"https:\/\/glazbena.hr\/?p=39619"},"modified":"2025-10-07T15:27:29","modified_gmt":"2025-10-07T14:27:29","slug":"recital-martin-krpan-i-tomislav-damjanovic","status":"publish","type":"post","link":"https:\/\/glazbena.hr\/gb\/events\/recital-martin-krpan-i-tomislav-damjanovic\/","title":{"rendered":"Recital Martin Krpan i Tomislav Damjanovi\u0107"},"content":{"rendered":"<p>U \u010detvrtak, 9. listopada 2025. godine recital \u0107e odr\u017eati Martin Krpan i Tomislav Damjanovi\u0107. Koncert \u0107e se odr\u017eati u Velikoj koncertnoj dvorani s po\u010detkom u 19.00 sati.<\/p>\n<p>&nbsp;<\/p>\n<p><img loading=\"lazy\" decoding=\"async\" class=\"alignnone size-medium wp-image-39620\" src=\"https:\/\/glazbena.hr\/wp-content\/uploads\/2025\/10\/Recital-B2-2-214x300.jpg\" alt=\"\" width=\"214\" height=\"300\" srcset=\"https:\/\/glazbena.hr\/wp-content\/uploads\/2025\/10\/Recital-B2-2-214x300.jpg 214w, https:\/\/glazbena.hr\/wp-content\/uploads\/2025\/10\/Recital-B2-2-731x1024.jpg 731w, https:\/\/glazbena.hr\/wp-content\/uploads\/2025\/10\/Recital-B2-2-768x1075.jpg 768w, https:\/\/glazbena.hr\/wp-content\/uploads\/2025\/10\/Recital-B2-2-1097x1536.jpg 1097w, https:\/\/glazbena.hr\/wp-content\/uploads\/2025\/10\/Recital-B2-2-1463x2048.jpg 1463w, https:\/\/glazbena.hr\/wp-content\/uploads\/2025\/10\/Recital-B2-2-scaled.jpg 1829w\" sizes=\"auto, (max-width: 214px) 100vw, 214px\" \/><\/p>\n","protected":false},"excerpt":{"rendered":"<p>U \u010detvrtak, 9. listopada 2025. godine recital \u0107e odr\u017eati Martin Krpan i Tomislav Damjanovi\u0107. Koncert \u0107e se odr\u017eati u Velikoj koncertnoj dvorani s po\u010detkom u 19.00 sati. &nbsp;<\/p>\n","protected":false},"author":5,"featured_media":0,"comment_status":"closed","ping_status":"closed","sticky":false,"template":"","format":"standard","meta":{"footnotes":""},"categories":[64],"tags":[],"class_list":["post-39619","post","type-post","status-publish","format-standard","hentry","category-najava-dogadanja"],"translation":{"provider":"WPGlobus","version":"3.0.0","language":"gb","enabled_languages":["hr","gb"],"languages":{"hr":{"title":true,"content":true,"excerpt":false},"gb":{"title":false,"content":false,"excerpt":false}}},"_links":{"self":[{"href":"https:\/\/glazbena.hr\/gb\/wp-json\/wp\/v2\/posts\/39619","targetHints":{"allow":["GET"]}}],"collection":[{"href":"https:\/\/glazbena.hr\/gb\/wp-json\/wp\/v2\/posts"}],"about":[{"href":"https:\/\/glazbena.hr\/gb\/wp-json\/wp\/v2\/types\/post"}],"author":[{"embeddable":true,"href":"https:\/\/glazbena.hr\/gb\/wp-json\/wp\/v2\/users\/5"}],"replies":[{"embeddable":true,"href":"https:\/\/glazbena.hr\/gb\/wp-json\/wp\/v2\/comments?post=39619"}],"version-history":[{"count":2,"href":"https:\/\/glazbena.hr\/gb\/wp-json\/wp\/v2\/posts\/39619\/revisions"}],"predecessor-version":[{"id":39622,"href":"https:\/\/glazbena.hr\/gb\/wp-json\/wp\/v2\/posts\/39619\/revisions\/39622"}],"wp:attachment":[{"href":"https:\/\/glazbena.hr\/gb\/wp-json\/wp\/v2\/media?parent=39619"}],"wp:term":[{"taxonomy":"category","embeddable":true,"href":"https:\/\/glazbena.hr\/gb\/wp-json\/wp\/v2\/categories?post=39619"},{"taxonomy":"post_tag","embeddable":true,"href":"https:\/\/glazbena.hr\/gb\/wp-json\/wp\/v2\/tags?post=39619"}],"curies":[{"name":"wp","href":"https:\/\/api.w.org\/{rel}","templated":true}]}}