{"id":39698,"date":"2025-10-20T15:14:59","date_gmt":"2025-10-20T14:14:59","guid":{"rendered":"https:\/\/glazbena.hr\/?p=39698"},"modified":"2025-10-25T15:23:25","modified_gmt":"2025-10-25T14:23:25","slug":"zagreb-piano-duo-festival-3","status":"publish","type":"post","link":"https:\/\/glazbena.hr\/gb\/activity\/zagreb-piano-duo-festival-3\/","title":{"rendered":"Zagreb Piano Duo Festival"},"content":{"rendered":"<p>Sedmo izdanje Zagreba\u010dkog festivala klavirskih dua \u2013 jedinstvenog pijanisti\u010dkog festivala u Hrvatskoj i jednog od rijetkih u svijetu \u2013 donosi niz vrhunskih nastupa u Zagrebu, Samoboru i Vara\u017edinu od 18. do 26. listopada 2025.<\/p>\n<p>Festival okuplja renomirane doma\u0107e i inozemne umjetnike, a zavr\u0161ni koncert donosi bogat i raznovrstan program za klavir \u010detveroru\u010dno i komorne sastave. Na koncertu otvorenja 18.10.2025., subota, u 19 sati -nastupili su i u\u010denici Glazbene \u0161kole u Vara\u017edinu.<\/p>\n<p><a href=\"https:\/\/glazbena.hr\/wp-content\/uploads\/2025\/10\/Program.pdf\" target=\"_blank\" rel=\"noopener\">Program koncerta<\/a><\/p>\n<p><img loading=\"lazy\" decoding=\"async\" class=\"alignnone size-medium wp-image-39706\" src=\"https:\/\/glazbena.hr\/wp-content\/uploads\/2025\/10\/20251019_114200291_iOS-300x147.jpeg\" alt=\"\" width=\"300\" height=\"147\" srcset=\"https:\/\/glazbena.hr\/wp-content\/uploads\/2025\/10\/20251019_114200291_iOS-300x147.jpeg 300w, https:\/\/glazbena.hr\/wp-content\/uploads\/2025\/10\/20251019_114200291_iOS-1024x501.jpeg 1024w, https:\/\/glazbena.hr\/wp-content\/uploads\/2025\/10\/20251019_114200291_iOS-768x375.jpeg 768w, https:\/\/glazbena.hr\/wp-content\/uploads\/2025\/10\/20251019_114200291_iOS-1536x751.jpeg 1536w, https:\/\/glazbena.hr\/wp-content\/uploads\/2025\/10\/20251019_114200291_iOS-2048x1001.jpeg 2048w\" sizes=\"auto, (max-width: 300px) 100vw, 300px\" \/> <img loading=\"lazy\" decoding=\"async\" class=\"alignnone size-medium wp-image-39705\" src=\"https:\/\/glazbena.hr\/wp-content\/uploads\/2025\/10\/20251019_114142950_iOS-300x140.jpeg\" alt=\"\" width=\"300\" height=\"140\" srcset=\"https:\/\/glazbena.hr\/wp-content\/uploads\/2025\/10\/20251019_114142950_iOS-300x140.jpeg 300w, https:\/\/glazbena.hr\/wp-content\/uploads\/2025\/10\/20251019_114142950_iOS-1024x477.jpeg 1024w, https:\/\/glazbena.hr\/wp-content\/uploads\/2025\/10\/20251019_114142950_iOS-768x358.jpeg 768w, https:\/\/glazbena.hr\/wp-content\/uploads\/2025\/10\/20251019_114142950_iOS-1536x716.jpeg 1536w, https:\/\/glazbena.hr\/wp-content\/uploads\/2025\/10\/20251019_114142950_iOS-2048x955.jpeg 2048w\" sizes=\"auto, (max-width: 300px) 100vw, 300px\" \/> <img loading=\"lazy\" decoding=\"async\" class=\"alignnone size-medium wp-image-39703\" src=\"https:\/\/glazbena.hr\/wp-content\/uploads\/2025\/10\/20251019_114059950_iOS-300x203.jpeg\" alt=\"\" width=\"300\" height=\"203\" srcset=\"https:\/\/glazbena.hr\/wp-content\/uploads\/2025\/10\/20251019_114059950_iOS-300x203.jpeg 300w, https:\/\/glazbena.hr\/wp-content\/uploads\/2025\/10\/20251019_114059950_iOS-1024x694.jpeg 1024w, https:\/\/glazbena.hr\/wp-content\/uploads\/2025\/10\/20251019_114059950_iOS-768x521.jpeg 768w, https:\/\/glazbena.hr\/wp-content\/uploads\/2025\/10\/20251019_114059950_iOS.jpeg 1170w\" sizes=\"auto, (max-width: 300px) 100vw, 300px\" \/> <img loading=\"lazy\" decoding=\"async\" class=\"alignnone size-medium wp-image-39702\" src=\"https:\/\/glazbena.hr\/wp-content\/uploads\/2025\/10\/20251019_114041526_iOS-300x238.jpeg\" alt=\"\" width=\"300\" height=\"238\" srcset=\"https:\/\/glazbena.hr\/wp-content\/uploads\/2025\/10\/20251019_114041526_iOS-300x238.jpeg 300w, https:\/\/glazbena.hr\/wp-content\/uploads\/2025\/10\/20251019_114041526_iOS-1024x812.jpeg 1024w, https:\/\/glazbena.hr\/wp-content\/uploads\/2025\/10\/20251019_114041526_iOS-768x609.jpeg 768w, https:\/\/glazbena.hr\/wp-content\/uploads\/2025\/10\/20251019_114041526_iOS.jpeg 1170w\" sizes=\"auto, (max-width: 300px) 100vw, 300px\" \/> <img loading=\"lazy\" decoding=\"async\" class=\"alignnone size-medium wp-image-39701\" src=\"https:\/\/glazbena.hr\/wp-content\/uploads\/2025\/10\/20251019_114022186_iOS-300x216.jpeg\" alt=\"\" width=\"300\" height=\"216\" srcset=\"https:\/\/glazbena.hr\/wp-content\/uploads\/2025\/10\/20251019_114022186_iOS-300x216.jpeg 300w, https:\/\/glazbena.hr\/wp-content\/uploads\/2025\/10\/20251019_114022186_iOS-1024x739.jpeg 1024w, https:\/\/glazbena.hr\/wp-content\/uploads\/2025\/10\/20251019_114022186_iOS-768x554.jpeg 768w, https:\/\/glazbena.hr\/wp-content\/uploads\/2025\/10\/20251019_114022186_iOS.jpeg 1170w\" sizes=\"auto, (max-width: 300px) 100vw, 300px\" \/> <img loading=\"lazy\" decoding=\"async\" class=\"alignnone size-medium wp-image-39700\" src=\"https:\/\/glazbena.hr\/wp-content\/uploads\/2025\/10\/20251019_114007977_iOS-300x221.jpeg\" alt=\"\" width=\"300\" height=\"221\" srcset=\"https:\/\/glazbena.hr\/wp-content\/uploads\/2025\/10\/20251019_114007977_iOS-300x221.jpeg 300w, https:\/\/glazbena.hr\/wp-content\/uploads\/2025\/10\/20251019_114007977_iOS-1024x753.jpeg 1024w, https:\/\/glazbena.hr\/wp-content\/uploads\/2025\/10\/20251019_114007977_iOS-768x565.jpeg 768w, https:\/\/glazbena.hr\/wp-content\/uploads\/2025\/10\/20251019_114007977_iOS.jpeg 1170w\" sizes=\"auto, (max-width: 300px) 100vw, 300px\" \/><\/p>\n<p><img loading=\"lazy\" decoding=\"async\" class=\"alignnone size-medium wp-image-39699\" src=\"https:\/\/glazbena.hr\/wp-content\/uploads\/2025\/10\/20251019_113839359_iOS-300x215.jpeg\" alt=\"\" width=\"300\" height=\"215\" srcset=\"https:\/\/glazbena.hr\/wp-content\/uploads\/2025\/10\/20251019_113839359_iOS-300x215.jpeg 300w, https:\/\/glazbena.hr\/wp-content\/uploads\/2025\/10\/20251019_113839359_iOS-1024x733.jpeg 1024w, https:\/\/glazbena.hr\/wp-content\/uploads\/2025\/10\/20251019_113839359_iOS-768x549.jpeg 768w, https:\/\/glazbena.hr\/wp-content\/uploads\/2025\/10\/20251019_113839359_iOS.jpeg 1170w\" sizes=\"auto, (max-width: 300px) 100vw, 300px\" \/><\/p>\n","protected":false},"excerpt":{"rendered":"<p>Sedmo izdanje Zagreba\u010dkog festivala klavirskih dua \u2013 jedinstvenog pijanisti\u010dkog festivala u Hrvatskoj i jednog od rijetkih u svijetu \u2013 donosi niz vrhunskih nastupa u Zagrebu, Samoboru i Vara\u017edinu od 18. do 26. listopada 2025. Festival okuplja renomirane doma\u0107e i inozemne umjetnike, a zavr\u0161ni koncert donosi bogat i raznovrstan program za klavir \u010detveroru\u010dno i komorne sastave. [&hellip;]<\/p>\n","protected":false},"author":5,"featured_media":0,"comment_status":"closed","ping_status":"closed","sticky":false,"template":"","format":"standard","meta":{"footnotes":""},"categories":[70],"tags":[],"class_list":["post-39698","post","type-post","status-publish","format-standard","hentry","category-aktivnosti"],"translation":{"provider":"WPGlobus","version":"3.0.0","language":"gb","enabled_languages":["hr","gb"],"languages":{"hr":{"title":true,"content":true,"excerpt":false},"gb":{"title":false,"content":false,"excerpt":false}}},"_links":{"self":[{"href":"https:\/\/glazbena.hr\/gb\/wp-json\/wp\/v2\/posts\/39698","targetHints":{"allow":["GET"]}}],"collection":[{"href":"https:\/\/glazbena.hr\/gb\/wp-json\/wp\/v2\/posts"}],"about":[{"href":"https:\/\/glazbena.hr\/gb\/wp-json\/wp\/v2\/types\/post"}],"author":[{"embeddable":true,"href":"https:\/\/glazbena.hr\/gb\/wp-json\/wp\/v2\/users\/5"}],"replies":[{"embeddable":true,"href":"https:\/\/glazbena.hr\/gb\/wp-json\/wp\/v2\/comments?post=39698"}],"version-history":[{"count":3,"href":"https:\/\/glazbena.hr\/gb\/wp-json\/wp\/v2\/posts\/39698\/revisions"}],"predecessor-version":[{"id":39715,"href":"https:\/\/glazbena.hr\/gb\/wp-json\/wp\/v2\/posts\/39698\/revisions\/39715"}],"wp:attachment":[{"href":"https:\/\/glazbena.hr\/gb\/wp-json\/wp\/v2\/media?parent=39698"}],"wp:term":[{"taxonomy":"category","embeddable":true,"href":"https:\/\/glazbena.hr\/gb\/wp-json\/wp\/v2\/categories?post=39698"},{"taxonomy":"post_tag","embeddable":true,"href":"https:\/\/glazbena.hr\/gb\/wp-json\/wp\/v2\/tags?post=39698"}],"curies":[{"name":"wp","href":"https:\/\/api.w.org\/{rel}","templated":true}]}}