{"id":39783,"date":"2025-10-31T11:43:13","date_gmt":"2025-10-31T10:43:13","guid":{"rendered":"https:\/\/glazbena.hr\/?p=39783"},"modified":"2025-11-04T10:56:54","modified_gmt":"2025-11-04T09:56:54","slug":"pijanisticki-recital-david-vukovic","status":"publish","type":"post","link":"https:\/\/glazbena.hr\/gb\/events\/pijanisticki-recital-david-vukovic\/","title":{"rendered":"Pijanisti\u010dki recital David Vukovi\u0107"},"content":{"rendered":"<p>U srijedu, 5. studenoga 2025. godine u 19:00 sati, u Velikoj koncertnoj dvorani Glazbene \u0161kole u Vara\u017edinu, odr\u017eat \u0107e se pijanisti\u010dki recital Davida Vukovi\u0107a, mladog hrvatskog pijanista \u010diji nastupi privla\u010de pozornost glazbenim izri\u010dajem i smjelim programskim konceptima.<\/p>\n<p>Pod pokroviteljstvom Ministarstva kulture i medija Republike Hrvatske, Vukovi\u0107 \u0107e izvesti program koji povezuje stolje\u0107a glazbene tradicije \u2013 od baroknih refleksija Jeana-Philippea Rameaua i transkripcija J. S. Bacha u obradi Ferruccia Busonija, preko duhovne jednostavnosti Arva P\u00e4rta i virtuozne rasko\u0161i Franza Liszta, do sna\u017enog nacionalnog izraza Josipa \u0160tolcera Slavenskog.<\/p>\n<p>Posebno mjesto u ve\u010deri zauzima praizvedba novog djela skladatelja Nevena Resnika, pisanog upravo za Davida Vukovi\u0107a \u2013 skladbe koja donosi svje\u017e, suvremen pogled na klavirsku poetiku i dijalog tradicije i inovacije.<\/p>\n<p>Publiku o\u010dekuje koncert koji spaja glazbenu introspekciju, virtuozitet i autenti\u010dnost umjetni\u010dkog izraza.<\/p>\n<p><a href=\"https:\/\/glazbena.hr\/wp-content\/uploads\/2025\/10\/David-Vukovic-plakat-3-scaled.jpg\"><img loading=\"lazy\" decoding=\"async\" class=\"alignnone wp-image-39784 size-large\" src=\"https:\/\/glazbena.hr\/wp-content\/uploads\/2025\/10\/David-Vukovic-plakat-3-731x1024.jpg\" alt=\"\" width=\"731\" height=\"1024\" srcset=\"https:\/\/glazbena.hr\/wp-content\/uploads\/2025\/10\/David-Vukovic-plakat-3-731x1024.jpg 731w, https:\/\/glazbena.hr\/wp-content\/uploads\/2025\/10\/David-Vukovic-plakat-3-214x300.jpg 214w, https:\/\/glazbena.hr\/wp-content\/uploads\/2025\/10\/David-Vukovic-plakat-3-768x1075.jpg 768w, https:\/\/glazbena.hr\/wp-content\/uploads\/2025\/10\/David-Vukovic-plakat-3-1097x1536.jpg 1097w, https:\/\/glazbena.hr\/wp-content\/uploads\/2025\/10\/David-Vukovic-plakat-3-1463x2048.jpg 1463w, https:\/\/glazbena.hr\/wp-content\/uploads\/2025\/10\/David-Vukovic-plakat-3-scaled.jpg 1829w\" sizes=\"auto, (max-width: 731px) 100vw, 731px\" \/><\/a><\/p>\n","protected":false},"excerpt":{"rendered":"<p>U srijedu, 5. studenoga 2025. godine u 19:00 sati, u Velikoj koncertnoj dvorani Glazbene \u0161kole u Vara\u017edinu, odr\u017eat \u0107e se pijanisti\u010dki recital Davida Vukovi\u0107a, mladog hrvatskog pijanista \u010diji nastupi privla\u010de pozornost glazbenim izri\u010dajem i smjelim programskim konceptima. Pod pokroviteljstvom Ministarstva kulture i medija Republike Hrvatske, Vukovi\u0107 \u0107e izvesti program koji povezuje stolje\u0107a glazbene tradicije \u2013 [&hellip;]<\/p>\n","protected":false},"author":5,"featured_media":0,"comment_status":"closed","ping_status":"closed","sticky":false,"template":"","format":"standard","meta":{"footnotes":""},"categories":[64],"tags":[],"class_list":["post-39783","post","type-post","status-publish","format-standard","hentry","category-najava-dogadanja"],"translation":{"provider":"WPGlobus","version":"3.0.0","language":"gb","enabled_languages":["hr","gb"],"languages":{"hr":{"title":true,"content":true,"excerpt":false},"gb":{"title":false,"content":false,"excerpt":false}}},"_links":{"self":[{"href":"https:\/\/glazbena.hr\/gb\/wp-json\/wp\/v2\/posts\/39783","targetHints":{"allow":["GET"]}}],"collection":[{"href":"https:\/\/glazbena.hr\/gb\/wp-json\/wp\/v2\/posts"}],"about":[{"href":"https:\/\/glazbena.hr\/gb\/wp-json\/wp\/v2\/types\/post"}],"author":[{"embeddable":true,"href":"https:\/\/glazbena.hr\/gb\/wp-json\/wp\/v2\/users\/5"}],"replies":[{"embeddable":true,"href":"https:\/\/glazbena.hr\/gb\/wp-json\/wp\/v2\/comments?post=39783"}],"version-history":[{"count":3,"href":"https:\/\/glazbena.hr\/gb\/wp-json\/wp\/v2\/posts\/39783\/revisions"}],"predecessor-version":[{"id":39798,"href":"https:\/\/glazbena.hr\/gb\/wp-json\/wp\/v2\/posts\/39783\/revisions\/39798"}],"wp:attachment":[{"href":"https:\/\/glazbena.hr\/gb\/wp-json\/wp\/v2\/media?parent=39783"}],"wp:term":[{"taxonomy":"category","embeddable":true,"href":"https:\/\/glazbena.hr\/gb\/wp-json\/wp\/v2\/categories?post=39783"},{"taxonomy":"post_tag","embeddable":true,"href":"https:\/\/glazbena.hr\/gb\/wp-json\/wp\/v2\/tags?post=39783"}],"curies":[{"name":"wp","href":"https:\/\/api.w.org\/{rel}","templated":true}]}}