{"id":39789,"date":"2023-11-02T11:52:42","date_gmt":"2023-11-02T10:52:42","guid":{"rendered":"https:\/\/glazbena.hr\/?p=39789"},"modified":"2025-11-02T12:03:58","modified_gmt":"2025-11-02T11:03:58","slug":"erasmus-projekti-glazbene-skole-u-varazdinu","status":"publish","type":"post","link":"https:\/\/glazbena.hr\/gb\/erasmus-plus\/erasmus-projekti-glazbene-skole-u-varazdinu\/","title":{"rendered":"Erasmus+ projekti Glazbene \u0161kole u Vara\u017edinu"},"content":{"rendered":"<p>2021-1-HR01-KA122-VET-000016659 &#8211; Talentom do izvrsnosti &#8211; postajanje glazbenikom &#8211; projekt realiziran u School for Young Talent, Den Haag<\/p>\n<p>2023-1-HR01-KA122-VET-000139459 &#8211; Barcelona, la musica vibro y ella nos unio! &#8211; projekt realiziranu u \u0161koli IEA Oriol Martorell, Barcelona<\/p>\n<p>2023-1-HR01-KA120-VET-000187838 Erasmus+ akreditacija<\/p>\n<p>2024-1-HR01-KA121-VET-000236482 Projekti realizirani u okviru akreditacije:<\/p>\n<p>The Jazz Lab: Paris Sessions &#8211; projekt realiziran u Francuskoj na konzervatoriju Conservatoire IANNIS-XENAKIS d\u2019Evry-Courcouronnes, Grand Paris Sud u Parizu.<\/p>\n<p>Bridges of Chamber Music &#8211; Vara\u017edin Meets Tartu &#8211; projekt realiziran na glazbenoj \u0161koli Heino Elleri Muusikakool, Tartu, Estonija.<\/p>\n<p>2025-1-HR01-KA121-VET-000325414 Projekti realizirani u okviru akreditacije:<\/p>\n<p>The Kod\u00e1ly Way Forward &#8211; projekt realiziran na konzervatoriju Bart\u00f3k B\u00e9la Zenem\u0171v\u00e9szeti \u00e9s Hangszer\u00e9szk\u00e9pz\u0151 Gyakorl\u00f3 Szakgimn\u00e1zium<\/p>\n<p>&nbsp;<\/p>\n","protected":false},"excerpt":{"rendered":"<p>2021-1-HR01-KA122-VET-000016659 &#8211; Talentom do izvrsnosti &#8211; postajanje glazbenikom &#8211; projekt realiziran u School for Young Talent, Den Haag 2023-1-HR01-KA122-VET-000139459 &#8211; Barcelona, la musica vibro y ella nos unio! &#8211; projekt realiziranu u \u0161koli IEA Oriol Martorell, Barcelona 2023-1-HR01-KA120-VET-000187838 Erasmus+ akreditacija 2024-1-HR01-KA121-VET-000236482 Projekti realizirani u okviru akreditacije: The Jazz Lab: Paris Sessions &#8211; projekt realiziran u [&hellip;]<\/p>\n","protected":false},"author":5,"featured_media":0,"comment_status":"closed","ping_status":"closed","sticky":false,"template":"","format":"standard","meta":{"footnotes":""},"categories":[83],"tags":[],"class_list":["post-39789","post","type-post","status-publish","format-standard","hentry","category-erasmus-plus"],"translation":{"provider":"WPGlobus","version":"3.0.0","language":"gb","enabled_languages":["hr","gb"],"languages":{"hr":{"title":true,"content":true,"excerpt":false},"gb":{"title":false,"content":false,"excerpt":false}}},"_links":{"self":[{"href":"https:\/\/glazbena.hr\/gb\/wp-json\/wp\/v2\/posts\/39789","targetHints":{"allow":["GET"]}}],"collection":[{"href":"https:\/\/glazbena.hr\/gb\/wp-json\/wp\/v2\/posts"}],"about":[{"href":"https:\/\/glazbena.hr\/gb\/wp-json\/wp\/v2\/types\/post"}],"author":[{"embeddable":true,"href":"https:\/\/glazbena.hr\/gb\/wp-json\/wp\/v2\/users\/5"}],"replies":[{"embeddable":true,"href":"https:\/\/glazbena.hr\/gb\/wp-json\/wp\/v2\/comments?post=39789"}],"version-history":[{"count":2,"href":"https:\/\/glazbena.hr\/gb\/wp-json\/wp\/v2\/posts\/39789\/revisions"}],"predecessor-version":[{"id":39792,"href":"https:\/\/glazbena.hr\/gb\/wp-json\/wp\/v2\/posts\/39789\/revisions\/39792"}],"wp:attachment":[{"href":"https:\/\/glazbena.hr\/gb\/wp-json\/wp\/v2\/media?parent=39789"}],"wp:term":[{"taxonomy":"category","embeddable":true,"href":"https:\/\/glazbena.hr\/gb\/wp-json\/wp\/v2\/categories?post=39789"},{"taxonomy":"post_tag","embeddable":true,"href":"https:\/\/glazbena.hr\/gb\/wp-json\/wp\/v2\/tags?post=39789"}],"curies":[{"name":"wp","href":"https:\/\/api.w.org\/{rel}","templated":true}]}}