{"id":39823,"date":"2025-10-20T20:13:04","date_gmt":"2025-10-20T19:13:04","guid":{"rendered":"https:\/\/glazbena.hr\/?p=39823"},"modified":"2025-11-08T20:21:37","modified_gmt":"2025-11-08T19:21:37","slug":"glazbena-skola-u-varazdinu-odusevila-nizom-nastupa-u-manili-i-na-palawanu","status":"publish","type":"post","link":"https:\/\/glazbena.hr\/gb\/activity\/glazbena-skola-u-varazdinu-odusevila-nizom-nastupa-u-manili-i-na-palawanu\/","title":{"rendered":"Glazbena \u0161kola u Vara\u017edinu odu\u0161evila nizom nastupa u Manili i na Palawanu"},"content":{"rendered":"<p>Predstavnici Glazbene \u0161kole u Vara\u017edinu proteklih su dana boravili na Filipinima, gdje su ostvarili niz zapa\u017eenih i visoko ocijenjenih nastupa u okviru projekta \u201eEchoes of Croatia in the Philippines\u201c, prepoznatog kao vrijedan doprinos kulturnoj diplomaciji Republike Hrvatske i ja\u010danju prijateljskih odnosa izme\u0111u Hrvatske i Filipina.<\/p>\n<p>Glazbena \u0161kola u Vara\u017edinu ostvarila je potporu Ministarstva vanjskih i europskih poslova Republike Hrvatske za sudjelovanje svoje u\u010denice Chriztel Renae Acevede, uz pratnju nastavnice Blanke Tkal\u010di\u0107, hrvatske mezzosopranistice, te pijanista Danijela Ota, na koncertu povodom slu\u017ebenog posjeta ministra dr. Gordana Grli\u0107a Radmana u Manili.<\/p>\n<p>Nastupom u Mind Museumu u Manili, pred predstavnicima diplomatskog zbora, apostolskim nuncijem, Ministarstva vanjskih i europskih poslova RH, Ministarstva rada, mirovinskog sustava, obitelji i socijalne politike, vara\u017edinski su glazbenici predstavili svu rasko\u0161 hrvatske kulturne ba\u0161tine na visokoj umjetni\u010dkoj razini.<\/p>\n<p>U sklopu projekta, hrvatski su umjetnici odr\u017eali i koncert na Far Eastern Universityju (FEU), jednom od najuglednijih i najstarijih privatnih sveu\u010dili\u0161ta na Filipinima. Pred auditorijem od preko 800 slu\u0161atelja predstavili su program koji je spojio tradiciju, emociju i suvremeni izraz hrvatske glazbe, uz odu\u0161evljenje brojnih studenata i profesora.<\/p>\n<p>Posebno emotivan trenutak uslijedio je tijekom Philippines\u2013Croatia Friendship Weeka, u organizaciji Ministarstva rada i socijalne skrbi RH, gdje je Chriztel izvela tradicionalne me\u0111imurske pjesme, podsjetiv\u0161i publiku na ljepotu i dubinu hrvatske glazbene ba\u0161tine.<\/p>\n<p>Turneja je zaklju\u010dena koncertom na otoku Palawan, gdje su umjetnici Glazbene \u0161kole u Vara\u017edinu svojim nastupom odu\u0161evili publiku, a hrvatska glazba odjeknula me\u0111u palmama i tropskim morem u jedinstvenom ozra\u010dju koje je simboli\u010dno zaokru\u017eilo cijeli projekt.<\/p>\n<p>Ravnatelj Glazbene \u0161kole u Vara\u017edinu Davor Mata\u010di\u0107 izjavio je: \u201cChriztel je primjer kako glazba nadilazi granice. Njezin put od Filipina do Me\u0111imurja simbolizira snagu umjetnosti da povezuje razli\u010dite kulture. Ponosni smo \u0161to je Ministarstvo prepoznalo zna\u010daj na\u0161eg projekta, a filipinska publika izniman talent na\u0161ih umjetnika. Ovaj projekt ima veliko zna\u010denje ne samo za na\u0161u \u0161kolu, nego i za cijelu hrvatsku glazbenu zajednicu jer pokazuje koliko umjetnost mo\u017ee biti most izme\u0111u naroda. Ono \u0161to nas je posebno dirnulo bila je toplina, zahvalnost i iskrena sre\u0107a filipinskog naroda \u2013 njihova jednostavnost, gostoljubivost i otvorenost prema drugima podsjetili su nas na temeljne vrijednosti koje glazba nosi: dijeljenje, po\u0161tovanje i radost. U svakoj njihovoj gesti osjetila se zahvalnost i duboka emocija, a na\u0161i su se umjetnici osje\u0107ali istinski prihva\u0107eno. S ponosom mogu re\u0107i da su Chriztel, Blanka i Danijel dostojno predstavili Hrvatsku i pokazali da glazba ima univerzalnu snagu i poruku. Zahvaljujem Ministarstvu vanjskih i europskih poslova RH i Nj. E. veleposlaniku Neboj\u0161i Koharevi\u0107u na potpori i razumijevanju va\u017enosti kulturne diplomacije koju ovakvi projekti ostvaruju.\u201d<\/p>\n<p>Sudjelovanjem na koncertima u Manili i Palawanu, Glazbena \u0161kola u Vara\u017edinu dodatno je potvrdila svoj me\u0111unarodni ugled i posve\u0107enost promicanju hrvatske glazbene i kulturne ba\u0161tine. Ova ugledna institucija, koja \u0107e 2028. proslaviti 200 godina djelovanja, i dalje ostaje rasadnik talenata i sna\u017ean ambasador hrvatske kulture u svijetu.<\/p>\n<p><img loading=\"lazy\" decoding=\"async\" class=\"alignnone size-medium wp-image-39827\" src=\"https:\/\/glazbena.hr\/wp-content\/uploads\/2025\/10\/1000145005-225x300.jpg\" alt=\"\" width=\"225\" height=\"300\" srcset=\"https:\/\/glazbena.hr\/wp-content\/uploads\/2025\/10\/1000145005-225x300.jpg 225w, https:\/\/glazbena.hr\/wp-content\/uploads\/2025\/10\/1000145005-768x1024.jpg 768w, https:\/\/glazbena.hr\/wp-content\/uploads\/2025\/10\/1000145005-1152x1536.jpg 1152w, https:\/\/glazbena.hr\/wp-content\/uploads\/2025\/10\/1000145005-1536x2048.jpg 1536w, https:\/\/glazbena.hr\/wp-content\/uploads\/2025\/10\/1000145005-scaled.jpg 1920w\" sizes=\"auto, (max-width: 225px) 100vw, 225px\" \/> <img loading=\"lazy\" decoding=\"async\" class=\"alignnone size-medium wp-image-39829\" src=\"https:\/\/glazbena.hr\/wp-content\/uploads\/2025\/10\/1000151375-300x225.jpg\" alt=\"\" width=\"300\" height=\"225\" srcset=\"https:\/\/glazbena.hr\/wp-content\/uploads\/2025\/10\/1000151375-300x225.jpg 300w, https:\/\/glazbena.hr\/wp-content\/uploads\/2025\/10\/1000151375-1024x768.jpg 1024w, https:\/\/glazbena.hr\/wp-content\/uploads\/2025\/10\/1000151375-768x576.jpg 768w, https:\/\/glazbena.hr\/wp-content\/uploads\/2025\/10\/1000151375-1536x1152.jpg 1536w, https:\/\/glazbena.hr\/wp-content\/uploads\/2025\/10\/1000151375.jpg 1600w\" sizes=\"auto, (max-width: 300px) 100vw, 300px\" \/><\/p>\n<p><img loading=\"lazy\" decoding=\"async\" class=\"alignnone size-medium wp-image-39826\" src=\"https:\/\/glazbena.hr\/wp-content\/uploads\/2025\/10\/1000144998-225x300.jpg\" alt=\"\" width=\"225\" height=\"300\" srcset=\"https:\/\/glazbena.hr\/wp-content\/uploads\/2025\/10\/1000144998-225x300.jpg 225w, https:\/\/glazbena.hr\/wp-content\/uploads\/2025\/10\/1000144998-768x1024.jpg 768w, https:\/\/glazbena.hr\/wp-content\/uploads\/2025\/10\/1000144998-1152x1536.jpg 1152w, https:\/\/glazbena.hr\/wp-content\/uploads\/2025\/10\/1000144998-1536x2048.jpg 1536w, https:\/\/glazbena.hr\/wp-content\/uploads\/2025\/10\/1000144998-scaled.jpg 1920w\" sizes=\"auto, (max-width: 225px) 100vw, 225px\" \/> <img loading=\"lazy\" decoding=\"async\" class=\"alignnone size-medium wp-image-39828\" src=\"https:\/\/glazbena.hr\/wp-content\/uploads\/2025\/10\/1000136643-225x300.jpg\" alt=\"\" width=\"225\" height=\"300\" srcset=\"https:\/\/glazbena.hr\/wp-content\/uploads\/2025\/10\/1000136643-225x300.jpg 225w, https:\/\/glazbena.hr\/wp-content\/uploads\/2025\/10\/1000136643-768x1024.jpg 768w, https:\/\/glazbena.hr\/wp-content\/uploads\/2025\/10\/1000136643-1152x1536.jpg 1152w, https:\/\/glazbena.hr\/wp-content\/uploads\/2025\/10\/1000136643-1536x2048.jpg 1536w, https:\/\/glazbena.hr\/wp-content\/uploads\/2025\/10\/1000136643-scaled.jpg 1920w\" sizes=\"auto, (max-width: 225px) 100vw, 225px\" \/><\/p>\n","protected":false},"excerpt":{"rendered":"<p>Predstavnici Glazbene \u0161kole u Vara\u017edinu proteklih su dana boravili na Filipinima, gdje su ostvarili niz zapa\u017eenih i visoko ocijenjenih nastupa u okviru projekta \u201eEchoes of Croatia in the Philippines\u201c, prepoznatog kao vrijedan doprinos kulturnoj diplomaciji Republike Hrvatske i ja\u010danju prijateljskih odnosa izme\u0111u Hrvatske i Filipina. Glazbena \u0161kola u Vara\u017edinu ostvarila je potporu Ministarstva vanjskih i [&hellip;]<\/p>\n","protected":false},"author":5,"featured_media":0,"comment_status":"closed","ping_status":"closed","sticky":false,"template":"","format":"standard","meta":{"footnotes":""},"categories":[70],"tags":[],"class_list":["post-39823","post","type-post","status-publish","format-standard","hentry","category-aktivnosti"],"translation":{"provider":"WPGlobus","version":"3.0.0","language":"gb","enabled_languages":["hr","gb"],"languages":{"hr":{"title":true,"content":true,"excerpt":false},"gb":{"title":false,"content":false,"excerpt":false}}},"_links":{"self":[{"href":"https:\/\/glazbena.hr\/gb\/wp-json\/wp\/v2\/posts\/39823","targetHints":{"allow":["GET"]}}],"collection":[{"href":"https:\/\/glazbena.hr\/gb\/wp-json\/wp\/v2\/posts"}],"about":[{"href":"https:\/\/glazbena.hr\/gb\/wp-json\/wp\/v2\/types\/post"}],"author":[{"embeddable":true,"href":"https:\/\/glazbena.hr\/gb\/wp-json\/wp\/v2\/users\/5"}],"replies":[{"embeddable":true,"href":"https:\/\/glazbena.hr\/gb\/wp-json\/wp\/v2\/comments?post=39823"}],"version-history":[{"count":3,"href":"https:\/\/glazbena.hr\/gb\/wp-json\/wp\/v2\/posts\/39823\/revisions"}],"predecessor-version":[{"id":39825,"href":"https:\/\/glazbena.hr\/gb\/wp-json\/wp\/v2\/posts\/39823\/revisions\/39825"}],"wp:attachment":[{"href":"https:\/\/glazbena.hr\/gb\/wp-json\/wp\/v2\/media?parent=39823"}],"wp:term":[{"taxonomy":"category","embeddable":true,"href":"https:\/\/glazbena.hr\/gb\/wp-json\/wp\/v2\/categories?post=39823"},{"taxonomy":"post_tag","embeddable":true,"href":"https:\/\/glazbena.hr\/gb\/wp-json\/wp\/v2\/tags?post=39823"}],"curies":[{"name":"wp","href":"https:\/\/api.w.org\/{rel}","templated":true}]}}