{"id":39831,"date":"2025-10-30T20:21:47","date_gmt":"2025-10-30T19:21:47","guid":{"rendered":"https:\/\/glazbena.hr\/?p=39831"},"modified":"2025-12-27T14:21:28","modified_gmt":"2025-12-27T13:21:28","slug":"poziv-na-prijavu-za-sudjelovanje-u-mobilnostima-glazbene-skole-u-varazdinu-projekt-the-kodaly-way-forward","status":"publish","type":"post","link":"https:\/\/glazbena.hr\/gb\/erasmus-plus\/poziv-na-prijavu-za-sudjelovanje-u-mobilnostima-glazbene-skole-u-varazdinu-projekt-the-kodaly-way-forward\/","title":{"rendered":"Poziv na prijavu za sudjelovanje u mobilnostima Glazbene \u0161kole u Vara\u017edinu &#8211; Projekt The Kodaly Way Forward"},"content":{"rendered":"<p><img loading=\"lazy\" decoding=\"async\" class=\"alignnone wp-image-40241 size-large\" src=\"https:\/\/glazbena.hr\/wp-content\/uploads\/2025\/10\/Erasmus-Budapest-1024x910.jpg\" alt=\"\" width=\"1024\" height=\"910\" srcset=\"https:\/\/glazbena.hr\/wp-content\/uploads\/2025\/10\/Erasmus-Budapest-1024x910.jpg 1024w, https:\/\/glazbena.hr\/wp-content\/uploads\/2025\/10\/Erasmus-Budapest-300x267.jpg 300w, https:\/\/glazbena.hr\/wp-content\/uploads\/2025\/10\/Erasmus-Budapest-768x682.jpg 768w, https:\/\/glazbena.hr\/wp-content\/uploads\/2025\/10\/Erasmus-Budapest-1536x1365.jpg 1536w, https:\/\/glazbena.hr\/wp-content\/uploads\/2025\/10\/Erasmus-Budapest-2048x1820.jpg 2048w\" sizes=\"auto, (max-width: 1024px) 100vw, 1024px\" \/><\/p>\n<p><a href=\"https:\/\/glazbena.hr\/wp-content\/uploads\/2025\/10\/Poziv-na-prijavu-za-sudjelovanje-u-mobilnosti-ucenika-Glazbene-skole-u-Varazdinu.pdf\" target=\"_blank\" rel=\"noopener\">Poziv na prijavu za sudjelovanje u mobilnosti u\u010denika Glazbene \u0161kole u Vara\u017edinu<\/a><\/p>\n<p><a href=\"https:\/\/glazbena.hr\/wp-content\/uploads\/2025\/10\/Poziv-na-sudjelovanje-u-mobilnosti-nastavnici-u-pratnji.pdf\" target=\"_blank\" rel=\"noopener\">Poziv na sudjelovanje u mobilnosti -nastavnici u pratnji<\/a><\/p>\n<p><a href=\"https:\/\/glazbena.hr\/wp-content\/uploads\/2025\/10\/Poziv-na-sudjelovanje-u-mobilnosti-job-shadowing.pdf\" target=\"_blank\" rel=\"noopener\">Poziv na sudjelovanje u mobilnosti &#8211; job shadowing<\/a><\/p>\n","protected":false},"excerpt":{"rendered":"<p>Poziv na prijavu za sudjelovanje u mobilnosti u\u010denika Glazbene \u0161kole u Vara\u017edinu Poziv na sudjelovanje u mobilnosti -nastavnici u pratnji Poziv na sudjelovanje u mobilnosti &#8211; job shadowing<\/p>\n","protected":false},"author":5,"featured_media":0,"comment_status":"closed","ping_status":"closed","sticky":false,"template":"","format":"standard","meta":{"footnotes":""},"categories":[83],"tags":[],"class_list":["post-39831","post","type-post","status-publish","format-standard","hentry","category-erasmus-plus"],"translation":{"provider":"WPGlobus","version":"3.0.0","language":"gb","enabled_languages":["hr","gb"],"languages":{"hr":{"title":true,"content":true,"excerpt":false},"gb":{"title":false,"content":false,"excerpt":false}}},"_links":{"self":[{"href":"https:\/\/glazbena.hr\/gb\/wp-json\/wp\/v2\/posts\/39831","targetHints":{"allow":["GET"]}}],"collection":[{"href":"https:\/\/glazbena.hr\/gb\/wp-json\/wp\/v2\/posts"}],"about":[{"href":"https:\/\/glazbena.hr\/gb\/wp-json\/wp\/v2\/types\/post"}],"author":[{"embeddable":true,"href":"https:\/\/glazbena.hr\/gb\/wp-json\/wp\/v2\/users\/5"}],"replies":[{"embeddable":true,"href":"https:\/\/glazbena.hr\/gb\/wp-json\/wp\/v2\/comments?post=39831"}],"version-history":[{"count":3,"href":"https:\/\/glazbena.hr\/gb\/wp-json\/wp\/v2\/posts\/39831\/revisions"}],"predecessor-version":[{"id":39833,"href":"https:\/\/glazbena.hr\/gb\/wp-json\/wp\/v2\/posts\/39831\/revisions\/39833"}],"wp:attachment":[{"href":"https:\/\/glazbena.hr\/gb\/wp-json\/wp\/v2\/media?parent=39831"}],"wp:term":[{"taxonomy":"category","embeddable":true,"href":"https:\/\/glazbena.hr\/gb\/wp-json\/wp\/v2\/categories?post=39831"},{"taxonomy":"post_tag","embeddable":true,"href":"https:\/\/glazbena.hr\/gb\/wp-json\/wp\/v2\/tags?post=39831"}],"curies":[{"name":"wp","href":"https:\/\/api.w.org\/{rel}","templated":true}]}}