{"id":3984,"date":"2019-05-27T10:01:10","date_gmt":"2019-05-27T08:01:10","guid":{"rendered":"https:\/\/glazbena.hr\/?p=3984"},"modified":"2019-05-27T10:01:10","modified_gmt":"2019-05-27T08:01:10","slug":"produkcija-prvih-razreda-odjela-za-klavir","status":"publish","type":"post","link":"https:\/\/glazbena.hr\/gb\/produkcije\/produkcija-prvih-razreda-odjela-za-klavir\/","title":{"rendered":"Produkcija prvih razreda odjela za klavir"},"content":{"rendered":"<p>Produkcija prvih razreda odjela za klavir odr\u017eat \u0107e se u \u010detvrtak 30. svibnja 2019. godine u Velikoj koncertnoj dvorani Glazbene \u0161kole u Vara\u017edinu s po\u010detkom u 16:00 sati.<\/p>\n<p><a href=\"https:\/\/glazbena.hr\/wp-content\/uploads\/2019\/05\/Produkcija-prvih-razreda.pdf\">Produkcija prvih razreda<\/a><\/p>\n","protected":false},"excerpt":{"rendered":"<p>Produkcija prvih razreda odjela za klavir odr\u017eat \u0107e se u \u010detvrtak 30. svibnja 2019. godine u Velikoj koncertnoj dvorani Glazbene \u0161kole u Vara\u017edinu s po\u010detkom u 16:00 sati. Produkcija prvih razreda<\/p>\n","protected":false},"author":5,"featured_media":0,"comment_status":"closed","ping_status":"closed","sticky":false,"template":"","format":"standard","meta":{"footnotes":""},"categories":[65],"tags":[],"class_list":["post-3984","post","type-post","status-publish","format-standard","hentry","category-produkcije"],"translation":{"provider":"WPGlobus","version":"3.0.0","language":"gb","enabled_languages":["hr","gb"],"languages":{"hr":{"title":true,"content":true,"excerpt":false},"gb":{"title":false,"content":false,"excerpt":false}}},"_links":{"self":[{"href":"https:\/\/glazbena.hr\/gb\/wp-json\/wp\/v2\/posts\/3984","targetHints":{"allow":["GET"]}}],"collection":[{"href":"https:\/\/glazbena.hr\/gb\/wp-json\/wp\/v2\/posts"}],"about":[{"href":"https:\/\/glazbena.hr\/gb\/wp-json\/wp\/v2\/types\/post"}],"author":[{"embeddable":true,"href":"https:\/\/glazbena.hr\/gb\/wp-json\/wp\/v2\/users\/5"}],"replies":[{"embeddable":true,"href":"https:\/\/glazbena.hr\/gb\/wp-json\/wp\/v2\/comments?post=3984"}],"version-history":[{"count":0,"href":"https:\/\/glazbena.hr\/gb\/wp-json\/wp\/v2\/posts\/3984\/revisions"}],"wp:attachment":[{"href":"https:\/\/glazbena.hr\/gb\/wp-json\/wp\/v2\/media?parent=3984"}],"wp:term":[{"taxonomy":"category","embeddable":true,"href":"https:\/\/glazbena.hr\/gb\/wp-json\/wp\/v2\/categories?post=3984"},{"taxonomy":"post_tag","embeddable":true,"href":"https:\/\/glazbena.hr\/gb\/wp-json\/wp\/v2\/tags?post=3984"}],"curies":[{"name":"wp","href":"https:\/\/api.w.org\/{rel}","templated":true}]}}