{"id":39868,"date":"2025-11-10T21:15:58","date_gmt":"2025-11-10T20:15:58","guid":{"rendered":"https:\/\/glazbena.hr\/?p=39868"},"modified":"2025-11-10T21:15:58","modified_gmt":"2025-11-10T20:15:58","slug":"produkcije-odjela-za-klavir-13-studeni-2025","status":"publish","type":"post","link":"https:\/\/glazbena.hr\/gb\/produkcije\/produkcije-odjela-za-klavir-13-studeni-2025\/","title":{"rendered":"Produkcije Odjela za klavir &#8211; 13. studeni 2025."},"content":{"rendered":"<p>Produkcije Odjela za klavir odr\u017eat \u0107e se u \u010detvrtak, 13. studenog 2025. u Velikoj koncertnoj dvorani Glazbene \u0161kole u Vara\u017edinu. Po\u010detak prve produkcije je u 16.30, a druge u 18.00 sati. Molimo sve prisutne na produkcijama da uzmu u obzir i mali kutak bontona.<\/p>\n<p>MALI KUTAK BONTONA<\/p>\n<p><strong>Svaka izvedba pri\u010da malu pri\u010du hrabrosti.<\/strong><\/p>\n<p><strong>Slu\u0161ajmo ih sve \u2014 jer svaka zaslu\u017euje kraj ispunjen toplinom i pljeskom.<\/strong><\/p>\n<p>\ud83d\udccc Molimo publiku da ne ulazi i ne izlazi za vrijeme izvedbi, te da ostane do kraja koncerta.<\/p>\n<p>Hvala \u0161to svojom pa\u017enjom podr\u017eavate na\u0161e mlade glazbenike!<\/p>\n<p>&nbsp;<\/p>\n<p><a href=\"https:\/\/glazbena.hr\/wp-content\/uploads\/2025\/11\/Produkcija-Odjela-za-klavir-13.-studenog-2025.-u-16.30-sati.pdf\" target=\"_blank\" rel=\"noopener\">Produkcija Odjela za klavir, 13. studenog 2025. u 16.30 sati<\/a><\/p>\n<p><a href=\"https:\/\/glazbena.hr\/wp-content\/uploads\/2025\/11\/Produkcija-Odjela-za-klavir-13.-studenog-2025-18-sati.pdf\" target=\"_blank\" rel=\"noopener\">Produkcija Odjela za klavir, 13. studenog 2025, 18 sati<\/a><\/p>\n","protected":false},"excerpt":{"rendered":"<p>Produkcije Odjela za klavir odr\u017eat \u0107e se u \u010detvrtak, 13. studenog 2025. u Velikoj koncertnoj dvorani Glazbene \u0161kole u Vara\u017edinu. Po\u010detak prve produkcije je u 16.30, a druge u 18.00 sati. Molimo sve prisutne na produkcijama da uzmu u obzir i mali kutak bontona. MALI KUTAK BONTONA Svaka izvedba pri\u010da malu pri\u010du hrabrosti. Slu\u0161ajmo ih [&hellip;]<\/p>\n","protected":false},"author":5,"featured_media":0,"comment_status":"closed","ping_status":"closed","sticky":false,"template":"","format":"standard","meta":{"footnotes":""},"categories":[65],"tags":[],"class_list":["post-39868","post","type-post","status-publish","format-standard","hentry","category-produkcije"],"translation":{"provider":"WPGlobus","version":"3.0.0","language":"gb","enabled_languages":["hr","gb"],"languages":{"hr":{"title":true,"content":true,"excerpt":false},"gb":{"title":false,"content":false,"excerpt":false}}},"_links":{"self":[{"href":"https:\/\/glazbena.hr\/gb\/wp-json\/wp\/v2\/posts\/39868","targetHints":{"allow":["GET"]}}],"collection":[{"href":"https:\/\/glazbena.hr\/gb\/wp-json\/wp\/v2\/posts"}],"about":[{"href":"https:\/\/glazbena.hr\/gb\/wp-json\/wp\/v2\/types\/post"}],"author":[{"embeddable":true,"href":"https:\/\/glazbena.hr\/gb\/wp-json\/wp\/v2\/users\/5"}],"replies":[{"embeddable":true,"href":"https:\/\/glazbena.hr\/gb\/wp-json\/wp\/v2\/comments?post=39868"}],"version-history":[{"count":2,"href":"https:\/\/glazbena.hr\/gb\/wp-json\/wp\/v2\/posts\/39868\/revisions"}],"predecessor-version":[{"id":39872,"href":"https:\/\/glazbena.hr\/gb\/wp-json\/wp\/v2\/posts\/39868\/revisions\/39872"}],"wp:attachment":[{"href":"https:\/\/glazbena.hr\/gb\/wp-json\/wp\/v2\/media?parent=39868"}],"wp:term":[{"taxonomy":"category","embeddable":true,"href":"https:\/\/glazbena.hr\/gb\/wp-json\/wp\/v2\/categories?post=39868"},{"taxonomy":"post_tag","embeddable":true,"href":"https:\/\/glazbena.hr\/gb\/wp-json\/wp\/v2\/tags?post=39868"}],"curies":[{"name":"wp","href":"https:\/\/api.w.org\/{rel}","templated":true}]}}