{"id":3988,"date":"2019-05-27T10:11:27","date_gmt":"2019-05-27T08:11:27","guid":{"rendered":"https:\/\/glazbena.hr\/?p=3988"},"modified":"2019-05-27T10:11:27","modified_gmt":"2019-05-27T08:11:27","slug":"zavrsna-produkcija-podrucnog-odjela-u-ivancu","status":"publish","type":"post","link":"https:\/\/glazbena.hr\/gb\/produkcije\/zavrsna-produkcija-podrucnog-odjela-u-ivancu\/","title":{"rendered":"Zavr\u0161na produkcija Podru\u010dnog odjela u Ivancu"},"content":{"rendered":"<p>Zavr\u0161na produkcija Podru\u010dnog odjela u Ivancu odr\u017eat \u0107e se u srijedu, 29. svibnja 2019. godine u Amfiteatru Srednje \u0161kole u Ivancu s po\u010detkom u 18:30 sati.<\/p>\n<p><a href=\"https:\/\/glazbena.hr\/wp-content\/uploads\/2019\/05\/Zavr\u0161na-produkcija-PO-Ivanec-2019.pdf\">Zavr\u0161na produkcija PO Ivanec 2019<\/a><\/p>\n","protected":false},"excerpt":{"rendered":"<p>Zavr\u0161na produkcija Podru\u010dnog odjela u Ivancu odr\u017eat \u0107e se u srijedu, 29. svibnja 2019. godine u Amfiteatru Srednje \u0161kole u Ivancu s po\u010detkom u 18:30 sati. Zavr\u0161na produkcija PO Ivanec 2019<\/p>\n","protected":false},"author":5,"featured_media":0,"comment_status":"closed","ping_status":"closed","sticky":false,"template":"","format":"standard","meta":{"footnotes":""},"categories":[65],"tags":[],"class_list":["post-3988","post","type-post","status-publish","format-standard","hentry","category-produkcije"],"translation":{"provider":"WPGlobus","version":"3.0.0","language":"gb","enabled_languages":["hr","gb"],"languages":{"hr":{"title":true,"content":true,"excerpt":false},"gb":{"title":false,"content":false,"excerpt":false}}},"_links":{"self":[{"href":"https:\/\/glazbena.hr\/gb\/wp-json\/wp\/v2\/posts\/3988","targetHints":{"allow":["GET"]}}],"collection":[{"href":"https:\/\/glazbena.hr\/gb\/wp-json\/wp\/v2\/posts"}],"about":[{"href":"https:\/\/glazbena.hr\/gb\/wp-json\/wp\/v2\/types\/post"}],"author":[{"embeddable":true,"href":"https:\/\/glazbena.hr\/gb\/wp-json\/wp\/v2\/users\/5"}],"replies":[{"embeddable":true,"href":"https:\/\/glazbena.hr\/gb\/wp-json\/wp\/v2\/comments?post=3988"}],"version-history":[{"count":0,"href":"https:\/\/glazbena.hr\/gb\/wp-json\/wp\/v2\/posts\/3988\/revisions"}],"wp:attachment":[{"href":"https:\/\/glazbena.hr\/gb\/wp-json\/wp\/v2\/media?parent=3988"}],"wp:term":[{"taxonomy":"category","embeddable":true,"href":"https:\/\/glazbena.hr\/gb\/wp-json\/wp\/v2\/categories?post=3988"},{"taxonomy":"post_tag","embeddable":true,"href":"https:\/\/glazbena.hr\/gb\/wp-json\/wp\/v2\/tags?post=3988"}],"curies":[{"name":"wp","href":"https:\/\/api.w.org\/{rel}","templated":true}]}}