{"id":39933,"date":"2025-11-18T17:41:36","date_gmt":"2025-11-18T16:41:36","guid":{"rendered":"https:\/\/glazbena.hr\/?p=39933"},"modified":"2025-11-18T17:54:59","modified_gmt":"2025-11-18T16:54:59","slug":"koncert-soundtracks-jedinstvena-vecer-filmske-glazbe-u-varazdinu","status":"publish","type":"post","link":"https:\/\/glazbena.hr\/gb\/events\/koncert-soundtracks-jedinstvena-vecer-filmske-glazbe-u-varazdinu\/","title":{"rendered":"Koncert \u201cSoundTracks\u201d \u2013 jedinstvena ve\u010der filmske glazbe u Vara\u017edinu"},"content":{"rendered":"<p>Glazbena \u0161kola u Vara\u017edinu 29. studenoga u 19.00 sati postaje doma\u0107in iznimnog glazbenog doga\u0111aja, koncertnog projekta SoundTracks, profinjenog i konceptualnog programa koji na inovativan na\u010din spaja film, kazali\u0161te i suvremenu umjetni\u010dku glazbu. Projekt otkriva rijetke, fascinantne i \u010desto neizvo\u0111ene partiture poznatih suvremenih skladatelja, potvr\u0111uju\u0107i da glazba posjeduje sna\u017enu izra\u017eajnost i izvan filmskog platna.<br \/>\nNositelji programa su mladi, izvanredni glazbenici okupljeni u Kvartet Ciak &#8211; Valeria Vecerina, Sara Fazio i Emanuele Rigamonti, svi diplomanti Konzervatorija u Comu, te Loredana Paolicelli, renomirana profesorica komorne glazbe na Konzervatoriju u Materi. Ansambl je osnovan 2025. godine s misijom promicanja filmske glazbe, posebice talijanske, te predstavljanja rijetko izvo\u0111enih i neobjavljenih ostvarenja u koncertnoj dvorani.<br \/>\nProgram donosi djela Fabija Massima Capogrossa, Giovannija Sollime, Luce D\u2019Alberta, Andree Farrija, Giacoma Gozzinija, Francesca Cerrata, Loredane Paolicelli te bezvremenskih majstora filmske glazbe Piera Piccionija i Ennia Morriconea.<\/p>\n<p>Koncert je realiziran u suradnji sa Talijanskim institutom za kulturu u Zagrebu. Ulaz na koncert je slobodan.<\/p>\n<p><img loading=\"lazy\" decoding=\"async\" class=\"alignnone size-medium wp-image-39934\" src=\"https:\/\/glazbena.hr\/wp-content\/uploads\/2025\/11\/Kvartet-Ciak-214x300.jpg\" alt=\"\" width=\"214\" height=\"300\" srcset=\"https:\/\/glazbena.hr\/wp-content\/uploads\/2025\/11\/Kvartet-Ciak-214x300.jpg 214w, https:\/\/glazbena.hr\/wp-content\/uploads\/2025\/11\/Kvartet-Ciak-731x1024.jpg 731w, https:\/\/glazbena.hr\/wp-content\/uploads\/2025\/11\/Kvartet-Ciak-768x1075.jpg 768w, https:\/\/glazbena.hr\/wp-content\/uploads\/2025\/11\/Kvartet-Ciak-1097x1536.jpg 1097w, https:\/\/glazbena.hr\/wp-content\/uploads\/2025\/11\/Kvartet-Ciak-1463x2048.jpg 1463w, https:\/\/glazbena.hr\/wp-content\/uploads\/2025\/11\/Kvartet-Ciak-scaled.jpg 1829w\" sizes=\"auto, (max-width: 214px) 100vw, 214px\" \/><\/p>\n","protected":false},"excerpt":{"rendered":"<p>Glazbena \u0161kola u Vara\u017edinu 29. studenoga u 19.00 sati postaje doma\u0107in iznimnog glazbenog doga\u0111aja, koncertnog projekta SoundTracks, profinjenog i konceptualnog programa koji na inovativan na\u010din spaja film, kazali\u0161te i suvremenu umjetni\u010dku glazbu. Projekt otkriva rijetke, fascinantne i \u010desto neizvo\u0111ene partiture poznatih suvremenih skladatelja, potvr\u0111uju\u0107i da glazba posjeduje sna\u017enu izra\u017eajnost i izvan filmskog platna. Nositelji programa [&hellip;]<\/p>\n","protected":false},"author":5,"featured_media":0,"comment_status":"closed","ping_status":"closed","sticky":false,"template":"","format":"standard","meta":{"footnotes":""},"categories":[64],"tags":[],"class_list":["post-39933","post","type-post","status-publish","format-standard","hentry","category-najava-dogadanja"],"translation":{"provider":"WPGlobus","version":"3.0.0","language":"gb","enabled_languages":["hr","gb"],"languages":{"hr":{"title":true,"content":true,"excerpt":false},"gb":{"title":false,"content":false,"excerpt":false}}},"_links":{"self":[{"href":"https:\/\/glazbena.hr\/gb\/wp-json\/wp\/v2\/posts\/39933","targetHints":{"allow":["GET"]}}],"collection":[{"href":"https:\/\/glazbena.hr\/gb\/wp-json\/wp\/v2\/posts"}],"about":[{"href":"https:\/\/glazbena.hr\/gb\/wp-json\/wp\/v2\/types\/post"}],"author":[{"embeddable":true,"href":"https:\/\/glazbena.hr\/gb\/wp-json\/wp\/v2\/users\/5"}],"replies":[{"embeddable":true,"href":"https:\/\/glazbena.hr\/gb\/wp-json\/wp\/v2\/comments?post=39933"}],"version-history":[{"count":2,"href":"https:\/\/glazbena.hr\/gb\/wp-json\/wp\/v2\/posts\/39933\/revisions"}],"predecessor-version":[{"id":39959,"href":"https:\/\/glazbena.hr\/gb\/wp-json\/wp\/v2\/posts\/39933\/revisions\/39959"}],"wp:attachment":[{"href":"https:\/\/glazbena.hr\/gb\/wp-json\/wp\/v2\/media?parent=39933"}],"wp:term":[{"taxonomy":"category","embeddable":true,"href":"https:\/\/glazbena.hr\/gb\/wp-json\/wp\/v2\/categories?post=39933"},{"taxonomy":"post_tag","embeddable":true,"href":"https:\/\/glazbena.hr\/gb\/wp-json\/wp\/v2\/tags?post=39933"}],"curies":[{"name":"wp","href":"https:\/\/api.w.org\/{rel}","templated":true}]}}