{"id":40130,"date":"2025-12-14T09:28:29","date_gmt":"2025-12-14T08:28:29","guid":{"rendered":"https:\/\/glazbena.hr\/?p=40130"},"modified":"2025-12-14T09:28:29","modified_gmt":"2025-12-14T08:28:29","slug":"bozicni-koncert-ucenika-klase-danijela-ota","status":"publish","type":"post","link":"https:\/\/glazbena.hr\/gb\/events\/bozicni-koncert-ucenika-klase-danijela-ota\/","title":{"rendered":"Bo\u017ei\u0107ni koncert u\u010denika klase Danijela Ota"},"content":{"rendered":"<p>Bo\u017ei\u0107ni koncert u\u010denika klase nastavnika Danijela Ota, prof. mentor odr\u017eat \u0107e se u \u010detvrtak, 18. prosinca 2025. godine u Velikoj koncertnoj dvorani s po\u010detkom u 16.00 sati.<\/p>\n<p>&nbsp;<\/p>\n<p><img loading=\"lazy\" decoding=\"async\" class=\"alignnone wp-image-40131 size-large\" src=\"https:\/\/glazbena.hr\/wp-content\/uploads\/2025\/12\/IMG-20251213-WA0012-724x1024.jpg\" alt=\"\" width=\"724\" height=\"1024\" srcset=\"https:\/\/glazbena.hr\/wp-content\/uploads\/2025\/12\/IMG-20251213-WA0012-724x1024.jpg 724w, https:\/\/glazbena.hr\/wp-content\/uploads\/2025\/12\/IMG-20251213-WA0012-212x300.jpg 212w, https:\/\/glazbena.hr\/wp-content\/uploads\/2025\/12\/IMG-20251213-WA0012-768x1086.jpg 768w, https:\/\/glazbena.hr\/wp-content\/uploads\/2025\/12\/IMG-20251213-WA0012-1086x1536.jpg 1086w, https:\/\/glazbena.hr\/wp-content\/uploads\/2025\/12\/IMG-20251213-WA0012.jpg 1131w\" sizes=\"auto, (max-width: 724px) 100vw, 724px\" \/><\/p>\n","protected":false},"excerpt":{"rendered":"<p>Bo\u017ei\u0107ni koncert u\u010denika klase nastavnika Danijela Ota, prof. mentor odr\u017eat \u0107e se u \u010detvrtak, 18. prosinca 2025. godine u Velikoj koncertnoj dvorani s po\u010detkom u 16.00 sati. &nbsp;<\/p>\n","protected":false},"author":5,"featured_media":0,"comment_status":"closed","ping_status":"closed","sticky":false,"template":"","format":"standard","meta":{"footnotes":""},"categories":[64],"tags":[],"class_list":["post-40130","post","type-post","status-publish","format-standard","hentry","category-najava-dogadanja"],"translation":{"provider":"WPGlobus","version":"3.0.0","language":"gb","enabled_languages":["hr","gb"],"languages":{"hr":{"title":true,"content":true,"excerpt":false},"gb":{"title":false,"content":false,"excerpt":false}}},"_links":{"self":[{"href":"https:\/\/glazbena.hr\/gb\/wp-json\/wp\/v2\/posts\/40130","targetHints":{"allow":["GET"]}}],"collection":[{"href":"https:\/\/glazbena.hr\/gb\/wp-json\/wp\/v2\/posts"}],"about":[{"href":"https:\/\/glazbena.hr\/gb\/wp-json\/wp\/v2\/types\/post"}],"author":[{"embeddable":true,"href":"https:\/\/glazbena.hr\/gb\/wp-json\/wp\/v2\/users\/5"}],"replies":[{"embeddable":true,"href":"https:\/\/glazbena.hr\/gb\/wp-json\/wp\/v2\/comments?post=40130"}],"version-history":[{"count":2,"href":"https:\/\/glazbena.hr\/gb\/wp-json\/wp\/v2\/posts\/40130\/revisions"}],"predecessor-version":[{"id":40133,"href":"https:\/\/glazbena.hr\/gb\/wp-json\/wp\/v2\/posts\/40130\/revisions\/40133"}],"wp:attachment":[{"href":"https:\/\/glazbena.hr\/gb\/wp-json\/wp\/v2\/media?parent=40130"}],"wp:term":[{"taxonomy":"category","embeddable":true,"href":"https:\/\/glazbena.hr\/gb\/wp-json\/wp\/v2\/categories?post=40130"},{"taxonomy":"post_tag","embeddable":true,"href":"https:\/\/glazbena.hr\/gb\/wp-json\/wp\/v2\/tags?post=40130"}],"curies":[{"name":"wp","href":"https:\/\/api.w.org\/{rel}","templated":true}]}}