{"id":4043,"date":"2019-06-05T12:44:04","date_gmt":"2019-06-05T10:44:04","guid":{"rendered":"https:\/\/glazbena.hr\/?p=4043"},"modified":"2019-06-09T21:01:11","modified_gmt":"2019-06-09T19:01:11","slug":"upisi-u-predskolske-programe-u-glazbenoj-skoli-u-varazdinu","status":"publish","type":"post","link":"https:\/\/glazbena.hr\/gb\/predskolski-program\/upisi-u-predskolske-programe-u-glazbenoj-skoli-u-varazdinu\/","title":{"rendered":"Upisi u pred\u0161kolske programe u Glazbenoj \u0161koli u Vara\u017edinu"},"content":{"rendered":"<p>U po\u010detni\u010dki solfeggio, dje\u010dji zbor pred\u0161kolskog uzrasta, malu \u0161kolu blok-flaute, malu \u0161kolu violine u Glazbenoj \u0161koli u Vara\u017edinu za \u0161kolsku godinu 2019.\/2020. u\u010denici \u0107e se upisivati u sljede\u0107im rokovima:<\/p>\n<p>Ljetni upisni rok<br \/>\n\u2022 prijamna audicija \u2013 13. i 14. lipnja 2019. od 9 do 12 sati i od 16 do 19 sati<br \/>\n\u2022 objava rezultata \u2013 17. lipnja 2019. do 9 sati<br \/>\n\u2022 upis \u2013 17. lipnja 2019. od 9 do 12 sati i od 16 do 19 sati<\/p>\n<p><a href=\"https:\/\/glazbena.hr\/wp-content\/uploads\/2019\/06\/Natje\u010daj-za-upis-u\u010denika-u-pred\u0161kolske-programe.pdf\">Natje\u010daj za upis u\u010denika u pred\u0161kolske programe<\/a><\/p>\n<p><a href=\"https:\/\/glazbena.hr\/wp-content\/uploads\/2019\/05\/Pravilnik-o-prijemnoj-audiciji-og\u0161-i-pred\u0161kolski-programi-28.8.2018..pdf\">Pravilnik-o-prijemnoj-audiciji-osnovna glazbena \u0161kola-i-pred\u0161kolski-programi-28.8.2018.<\/a><\/p>\n","protected":false},"excerpt":{"rendered":"<p>U po\u010detni\u010dki solfeggio, dje\u010dji zbor pred\u0161kolskog uzrasta, malu \u0161kolu blok-flaute, malu \u0161kolu violine u Glazbenoj \u0161koli u Vara\u017edinu za \u0161kolsku godinu 2019.\/2020. u\u010denici \u0107e se upisivati u sljede\u0107im rokovima: Ljetni upisni rok \u2022 prijamna audicija \u2013 13. i 14. lipnja 2019. od 9 do 12 sati i od 16 do 19 sati \u2022 objava rezultata [&hellip;]<\/p>\n","protected":false},"author":5,"featured_media":0,"comment_status":"closed","ping_status":"closed","sticky":false,"template":"","format":"standard","meta":{"footnotes":""},"categories":[60],"tags":[],"class_list":["post-4043","post","type-post","status-publish","format-standard","hentry","category-predskolski-program"],"translation":{"provider":"WPGlobus","version":"3.0.0","language":"gb","enabled_languages":["hr","gb"],"languages":{"hr":{"title":true,"content":true,"excerpt":false},"gb":{"title":false,"content":false,"excerpt":false}}},"_links":{"self":[{"href":"https:\/\/glazbena.hr\/gb\/wp-json\/wp\/v2\/posts\/4043","targetHints":{"allow":["GET"]}}],"collection":[{"href":"https:\/\/glazbena.hr\/gb\/wp-json\/wp\/v2\/posts"}],"about":[{"href":"https:\/\/glazbena.hr\/gb\/wp-json\/wp\/v2\/types\/post"}],"author":[{"embeddable":true,"href":"https:\/\/glazbena.hr\/gb\/wp-json\/wp\/v2\/users\/5"}],"replies":[{"embeddable":true,"href":"https:\/\/glazbena.hr\/gb\/wp-json\/wp\/v2\/comments?post=4043"}],"version-history":[{"count":0,"href":"https:\/\/glazbena.hr\/gb\/wp-json\/wp\/v2\/posts\/4043\/revisions"}],"wp:attachment":[{"href":"https:\/\/glazbena.hr\/gb\/wp-json\/wp\/v2\/media?parent=4043"}],"wp:term":[{"taxonomy":"category","embeddable":true,"href":"https:\/\/glazbena.hr\/gb\/wp-json\/wp\/v2\/categories?post=4043"},{"taxonomy":"post_tag","embeddable":true,"href":"https:\/\/glazbena.hr\/gb\/wp-json\/wp\/v2\/tags?post=4043"}],"curies":[{"name":"wp","href":"https:\/\/api.w.org\/{rel}","templated":true}]}}