{"id":40457,"date":"2026-02-05T12:24:22","date_gmt":"2026-02-05T11:24:22","guid":{"rendered":"https:\/\/glazbena.hr\/?p=40457"},"modified":"2026-02-05T12:24:22","modified_gmt":"2026-02-05T11:24:22","slug":"produkcije-odjela-za-klavir-33","status":"publish","type":"post","link":"https:\/\/glazbena.hr\/gb\/produkcije\/produkcije-odjela-za-klavir-33\/","title":{"rendered":"Produkcije Odjela za klavir"},"content":{"rendered":"<p>Produkcije Odjela za klavir odr\u017eat \u0107e se u \u010detvrtak, 5. velja\u010de 2026. godine u 16.30 i 18.00 sati u Velikoj koncertnoj dvorani Glazbene \u0161kole u Vara\u017edinu.<\/p>\n<p>&nbsp;<\/p>\n<p><a href=\"https:\/\/glazbena.hr\/wp-content\/uploads\/2026\/02\/Produkcija-Odjela-za-klavir-5.-veljace-2026.-u-1630-sati-1.pdf\" target=\"_blank\" rel=\"noopener\">Produkcija Odjela za klavir 5. velja\u010de 2026. u 16,30 sati<\/a><\/p>\n<p><a href=\"https:\/\/glazbena.hr\/wp-content\/uploads\/2026\/02\/Produkcija-Odjela-za-klavir-5.-veljace-2026.-u-18-sati-1.pdf\" target=\"_blank\" rel=\"noopener\">Produkcija Odjela za klavir 5. velja\u010de 2026. u 18.00 sati<\/a><\/p>\n","protected":false},"excerpt":{"rendered":"<p>Produkcije Odjela za klavir odr\u017eat \u0107e se u \u010detvrtak, 5. velja\u010de 2026. godine u 16.30 i 18.00 sati u Velikoj koncertnoj dvorani Glazbene \u0161kole u Vara\u017edinu. &nbsp; Produkcija Odjela za klavir 5. velja\u010de 2026. u 16,30 sati Produkcija Odjela za klavir 5. velja\u010de 2026. u 18.00 sati<\/p>\n","protected":false},"author":5,"featured_media":0,"comment_status":"closed","ping_status":"closed","sticky":false,"template":"","format":"standard","meta":{"footnotes":""},"categories":[65],"tags":[],"class_list":["post-40457","post","type-post","status-publish","format-standard","hentry","category-produkcije"],"translation":{"provider":"WPGlobus","version":"3.0.0","language":"gb","enabled_languages":["hr","gb"],"languages":{"hr":{"title":true,"content":true,"excerpt":false},"gb":{"title":false,"content":false,"excerpt":false}}},"_links":{"self":[{"href":"https:\/\/glazbena.hr\/gb\/wp-json\/wp\/v2\/posts\/40457","targetHints":{"allow":["GET"]}}],"collection":[{"href":"https:\/\/glazbena.hr\/gb\/wp-json\/wp\/v2\/posts"}],"about":[{"href":"https:\/\/glazbena.hr\/gb\/wp-json\/wp\/v2\/types\/post"}],"author":[{"embeddable":true,"href":"https:\/\/glazbena.hr\/gb\/wp-json\/wp\/v2\/users\/5"}],"replies":[{"embeddable":true,"href":"https:\/\/glazbena.hr\/gb\/wp-json\/wp\/v2\/comments?post=40457"}],"version-history":[{"count":2,"href":"https:\/\/glazbena.hr\/gb\/wp-json\/wp\/v2\/posts\/40457\/revisions"}],"predecessor-version":[{"id":40461,"href":"https:\/\/glazbena.hr\/gb\/wp-json\/wp\/v2\/posts\/40457\/revisions\/40461"}],"wp:attachment":[{"href":"https:\/\/glazbena.hr\/gb\/wp-json\/wp\/v2\/media?parent=40457"}],"wp:term":[{"taxonomy":"category","embeddable":true,"href":"https:\/\/glazbena.hr\/gb\/wp-json\/wp\/v2\/categories?post=40457"},{"taxonomy":"post_tag","embeddable":true,"href":"https:\/\/glazbena.hr\/gb\/wp-json\/wp\/v2\/tags?post=40457"}],"curies":[{"name":"wp","href":"https:\/\/api.w.org\/{rel}","templated":true}]}}