{"id":40533,"date":"2026-02-18T11:24:05","date_gmt":"2026-02-18T10:24:05","guid":{"rendered":"https:\/\/glazbena.hr\/?p=40533"},"modified":"2026-02-18T11:24:05","modified_gmt":"2026-02-18T10:24:05","slug":"produkcije-odjela-za-klavir-34","status":"publish","type":"post","link":"https:\/\/glazbena.hr\/gb\/produkcije\/produkcije-odjela-za-klavir-34\/","title":{"rendered":"Produkcije Odjela za klavir"},"content":{"rendered":"<p>Produkcije Odjela za klavir odr\u017eat \u0107e se u srijedu, 18. velja\u010de 2026. godine u Velikoj koncertnoj dvorani s po\u010detkom u 17.00 sati i u \u010detvrtak, 19. velja\u010de 2026. godine u Velikoj koncertnoj dvorani s po\u010detkom u 17.00 sati.<\/p>\n<p>&nbsp;<\/p>\n<p><a href=\"https:\/\/glazbena.hr\/wp-content\/uploads\/2026\/02\/Produkcija-odjela-srijeda-18-veljace-2026.-17-sati.pdf\" target=\"_blank\" rel=\"noopener\">Produkcija odjela, srijeda 18 velja\u010de 2026. 17 sati<\/a><\/p>\n<p><a href=\"https:\/\/glazbena.hr\/wp-content\/uploads\/2026\/02\/Produkcija-odjela-cetvrtak-19.-veljace-2026.-u-17-sati.pdf\" target=\"_blank\" rel=\"noopener\">Produkcija odjela, \u010detvrtak, 19. velja\u010de 2026. u 17 sati<\/a><\/p>\n","protected":false},"excerpt":{"rendered":"<p>Produkcije Odjela za klavir odr\u017eat \u0107e se u srijedu, 18. velja\u010de 2026. godine u Velikoj koncertnoj dvorani s po\u010detkom u 17.00 sati i u \u010detvrtak, 19. velja\u010de 2026. godine u Velikoj koncertnoj dvorani s po\u010detkom u 17.00 sati. &nbsp; Produkcija odjela, srijeda 18 velja\u010de 2026. 17 sati Produkcija odjela, \u010detvrtak, 19. velja\u010de 2026. u 17 [&hellip;]<\/p>\n","protected":false},"author":5,"featured_media":0,"comment_status":"closed","ping_status":"closed","sticky":false,"template":"","format":"standard","meta":{"footnotes":""},"categories":[65],"tags":[],"class_list":["post-40533","post","type-post","status-publish","format-standard","hentry","category-produkcije"],"translation":{"provider":"WPGlobus","version":"3.0.0","language":"gb","enabled_languages":["hr","gb"],"languages":{"hr":{"title":true,"content":true,"excerpt":false},"gb":{"title":false,"content":false,"excerpt":false}}},"_links":{"self":[{"href":"https:\/\/glazbena.hr\/gb\/wp-json\/wp\/v2\/posts\/40533","targetHints":{"allow":["GET"]}}],"collection":[{"href":"https:\/\/glazbena.hr\/gb\/wp-json\/wp\/v2\/posts"}],"about":[{"href":"https:\/\/glazbena.hr\/gb\/wp-json\/wp\/v2\/types\/post"}],"author":[{"embeddable":true,"href":"https:\/\/glazbena.hr\/gb\/wp-json\/wp\/v2\/users\/5"}],"replies":[{"embeddable":true,"href":"https:\/\/glazbena.hr\/gb\/wp-json\/wp\/v2\/comments?post=40533"}],"version-history":[{"count":2,"href":"https:\/\/glazbena.hr\/gb\/wp-json\/wp\/v2\/posts\/40533\/revisions"}],"predecessor-version":[{"id":40537,"href":"https:\/\/glazbena.hr\/gb\/wp-json\/wp\/v2\/posts\/40533\/revisions\/40537"}],"wp:attachment":[{"href":"https:\/\/glazbena.hr\/gb\/wp-json\/wp\/v2\/media?parent=40533"}],"wp:term":[{"taxonomy":"category","embeddable":true,"href":"https:\/\/glazbena.hr\/gb\/wp-json\/wp\/v2\/categories?post=40533"},{"taxonomy":"post_tag","embeddable":true,"href":"https:\/\/glazbena.hr\/gb\/wp-json\/wp\/v2\/tags?post=40533"}],"curies":[{"name":"wp","href":"https:\/\/api.w.org\/{rel}","templated":true}]}}