{"id":40598,"date":"2026-02-25T18:57:30","date_gmt":"2026-02-25T17:57:30","guid":{"rendered":"https:\/\/glazbena.hr\/?p=40598"},"modified":"2026-03-23T10:52:22","modified_gmt":"2026-03-23T09:52:22","slug":"medunarodna-smotra-gitarista-2026","status":"publish","type":"post","link":"https:\/\/glazbena.hr\/gb\/smotra-gitarista\/medunarodna-smotra-gitarista-2026\/","title":{"rendered":"Me\u0111unarodna smotra gitarista 2026."},"content":{"rendered":"<div><span style=\"font-family: georgia, serif;\">Glazbena \u0161kola u Vara\u017edinu i ove \u0107e godine organizirati Me\u0111unarodnu smotru gitarista. Me\u0111unarodna Smotra gitarista, koja \u0107e se odr\u017eati<span class=\"gmail-Apple-converted-space\">\u00a0<\/span><strong>od <span class=\"gmail_default\">\u200b23<\/span>. o\u017eujka 202<span class=\"gmail_default\">6<\/span>. godine do 2<span class=\"gmail_default\">\u200b5. o\u017eujka\u00a0<\/span>202<span class=\"gmail_default\">\u200b6<\/span>.<\/strong><span class=\"gmail-Apple-converted-space\">\u00a0<\/span>godine godine u Glazbenoj \u0161koli u Vara\u017edinu posve\u0107ena je velikom hrvatskom gitaristu i skladatelju, Vara\u017edincu Ivanu Padovcu (1800.-1873.). Me\u0111unarodna Smotra gitarista, u\u010denika osnovnih i srednjih glazbenih \u0161kola, zami\u0161ljena je kao niz revijalnih koncerata, za soliste i komorne sastave.<\/span><\/div>\n<div><\/div>\n<div><a href=\"https:\/\/glazbena.hr\/wp-content\/uploads\/2026\/02\/SMOTRA-ponedjeljak-23_3.pdf\" target=\"_blank\" rel=\"noopener\">Me\u0111unarodna smotra gitarista &#8211; program koncerta &#8211; ponedjeljak 23.3.<\/a><\/div>\n<div><a href=\"https:\/\/glazbena.hr\/wp-content\/uploads\/2026\/02\/SMOTRA-utorak-24_3.pdf\" target=\"_blank\" rel=\"noopener\">Me\u0111unarodna smotra gitarista &#8211; program koncerta &#8211; utorak 24.3.2026.<\/a><\/div>\n<div><a href=\"https:\/\/glazbena.hr\/wp-content\/uploads\/2026\/02\/SMOTRA-srijeda-25_3.pdf\" target=\"_blank\" rel=\"noopener\">Me\u0111unarodna smotra gitarista &#8211; program koncerta &#8211; srijeda 25.3.2026. <\/a><\/div>\n<div><\/div>\n<p><a href=\"https:\/\/glazbena.hr\/wp-content\/uploads\/2026\/02\/Smotra-gitarista-2026-1-scaled.jpg\" target=\"_blank\" rel=\"noopener\"><img loading=\"lazy\" decoding=\"async\" class=\"alignnone wp-image-40707 size-medium\" src=\"https:\/\/glazbena.hr\/wp-content\/uploads\/2026\/02\/Smotra-gitarista-2026-1-214x300.jpg\" alt=\"\" width=\"214\" height=\"300\" srcset=\"https:\/\/glazbena.hr\/wp-content\/uploads\/2026\/02\/Smotra-gitarista-2026-1-214x300.jpg 214w, https:\/\/glazbena.hr\/wp-content\/uploads\/2026\/02\/Smotra-gitarista-2026-1-731x1024.jpg 731w, https:\/\/glazbena.hr\/wp-content\/uploads\/2026\/02\/Smotra-gitarista-2026-1-768x1075.jpg 768w, https:\/\/glazbena.hr\/wp-content\/uploads\/2026\/02\/Smotra-gitarista-2026-1-1097x1536.jpg 1097w, https:\/\/glazbena.hr\/wp-content\/uploads\/2026\/02\/Smotra-gitarista-2026-1-1463x2048.jpg 1463w, https:\/\/glazbena.hr\/wp-content\/uploads\/2026\/02\/Smotra-gitarista-2026-1-scaled.jpg 1829w\" sizes=\"auto, (max-width: 214px) 100vw, 214px\" \/><\/a><\/p>\n","protected":false},"excerpt":{"rendered":"<p>Glazbena \u0161kola u Vara\u017edinu i ove \u0107e godine organizirati Me\u0111unarodnu smotru gitarista. Me\u0111unarodna Smotra gitarista, koja \u0107e se odr\u017eati\u00a0od \u200b23. o\u017eujka 2026. godine do 2\u200b5. o\u017eujka\u00a0202\u200b6.\u00a0godine godine u Glazbenoj \u0161koli u Vara\u017edinu posve\u0107ena je velikom hrvatskom gitaristu i skladatelju, Vara\u017edincu Ivanu Padovcu (1800.-1873.). Me\u0111unarodna Smotra gitarista, u\u010denika osnovnih i srednjih glazbenih \u0161kola, zami\u0161ljena je kao [&hellip;]<\/p>\n","protected":false},"author":5,"featured_media":0,"comment_status":"closed","ping_status":"closed","sticky":false,"template":"","format":"standard","meta":{"footnotes":""},"categories":[433],"tags":[],"class_list":["post-40598","post","type-post","status-publish","format-standard","hentry","category-smotra-gitarista"],"translation":{"provider":"WPGlobus","version":"3.0.0","language":"gb","enabled_languages":["hr","gb"],"languages":{"hr":{"title":true,"content":true,"excerpt":false},"gb":{"title":false,"content":false,"excerpt":false}}},"_links":{"self":[{"href":"https:\/\/glazbena.hr\/gb\/wp-json\/wp\/v2\/posts\/40598","targetHints":{"allow":["GET"]}}],"collection":[{"href":"https:\/\/glazbena.hr\/gb\/wp-json\/wp\/v2\/posts"}],"about":[{"href":"https:\/\/glazbena.hr\/gb\/wp-json\/wp\/v2\/types\/post"}],"author":[{"embeddable":true,"href":"https:\/\/glazbena.hr\/gb\/wp-json\/wp\/v2\/users\/5"}],"replies":[{"embeddable":true,"href":"https:\/\/glazbena.hr\/gb\/wp-json\/wp\/v2\/comments?post=40598"}],"version-history":[{"count":7,"href":"https:\/\/glazbena.hr\/gb\/wp-json\/wp\/v2\/posts\/40598\/revisions"}],"predecessor-version":[{"id":40710,"href":"https:\/\/glazbena.hr\/gb\/wp-json\/wp\/v2\/posts\/40598\/revisions\/40710"}],"wp:attachment":[{"href":"https:\/\/glazbena.hr\/gb\/wp-json\/wp\/v2\/media?parent=40598"}],"wp:term":[{"taxonomy":"category","embeddable":true,"href":"https:\/\/glazbena.hr\/gb\/wp-json\/wp\/v2\/categories?post=40598"},{"taxonomy":"post_tag","embeddable":true,"href":"https:\/\/glazbena.hr\/gb\/wp-json\/wp\/v2\/tags?post=40598"}],"curies":[{"name":"wp","href":"https:\/\/api.w.org\/{rel}","templated":true}]}}