{"id":40850,"date":"2026-04-26T08:05:58","date_gmt":"2026-04-26T07:05:58","guid":{"rendered":"https:\/\/glazbena.hr\/?p=40850"},"modified":"2026-04-26T08:05:58","modified_gmt":"2026-04-26T07:05:58","slug":"erasmus-projekt-povezao-varazdin-i-madrid-tjedan-uspjesne-suradnje-ucenja-i-vrhunskih-nastupa","status":"publish","type":"post","link":"https:\/\/glazbena.hr\/gb\/erasmus-plus\/erasmus-projekt-povezao-varazdin-i-madrid-tjedan-uspjesne-suradnje-ucenja-i-vrhunskih-nastupa\/","title":{"rendered":"Erasmus+ projekt povezao Vara\u017edin i Madrid &#8211; tjedan uspje\u0161ne suradnje, u\u010denja i vrhunskih nastupa"},"content":{"rendered":"<p>Glazbena \u0161kola u Vara\u017edinu proteklog je tjedna bila doma\u0107in u\u010denicima i nastavnicima Odjela za solo pjevanje madridskog konzervatorija Conservatorio Profesional Teresa Berganza, u okviru Erasmus+ projekta me\u0111unarodne mobilnosti. Ova uspje\u0161no realizirana suradnja jo\u0161 je jednom potvrdila va\u017enost me\u0111unarodnih programa u unapre\u0111enju umjetni\u010dkog obrazovanja, razvoja i me\u0111ukulturnog razumijevanja.<br \/>\nCilj mobilnosti bio je unaprijediti obrazovnu i umjetni\u010dku suradnju izme\u0111u dviju institucija kroz razmjenu znanja, pedago\u0161kih pristupa i izvedbenih iskustava. Tijekom intenzivnog i sadr\u017eajno bogatog programa sudionici su svakodnevno sudjelovali u individualnim satima solo pjevanja, zajedni\u010dkim probama, radu s korepetitorima te aktivno pratili i sudjelovali u nastavnom procesu \u0160kole. Poseban naglasak stavljen je i na profesionalni razvoj nastavnika i razmjenu dobrih praksi, \u010dime je dodatno podignuta kvaliteta rada u obje ustanove.<br \/>\nU mobilnosti je sudjelovalo sedmero u\u010denika iz Madrida i deset u\u010denika iz Vara\u017edina, kao i troje nastavnika iz Madrida i \u0161estero nastavnika Glazbene \u0161kole u Vara\u017edinu, koji su kroz zajedni\u010dki rad, komornu glazbu i prezentacije razvijali umjetni\u010dke vje\u0161tine, ali i me\u0111ukulturne kompetencije. Sudionici su posebno istaknuli zadovoljstvo kvalitetom rada i otvorenom, poticajnom atmosferom koja je omogu\u0107ila slobodnu razmjenu ideja i iskustava. Dodatnu vrijednost programu pridonio je masterclass renomirane \u0161panjolske sopranistice Roc\u00edo Mart\u00ednez Serrano te sudjelovanje na audiciji presti\u017enog natjecanja Hans Gabor Belvedere, \u0161to je za u\u010denike predstavljalo zna\u010dajno profesionalno iskustvo. Program je dodatno oboga\u0107en i predavanjem Marine Klobu\u010dar, iskusne operne i kazali\u0161ne profesionalke koja je djelovala diljem Europe u vode\u0107im institucijama te kao agentica za pjeva\u010de. Njezina jedinstvena perspektiva, koja povezuje umjetni\u010dku izvrsnost s profesionalnom prezentacijom i strate\u0161kim razvojem karijere, pru\u017eila je u\u010denicima vrijedne uvide i konkretne savjete za njihov daljnji profesionalni put.<br \/>\nVrhunac mobilnosti bio je zavr\u0161ni koncert na kojem su u\u010denici obiju \u0161kola zajedni\u010dki nastupili, demonstriraju\u0107i visoku razinu umjetni\u010dke suradnje i zajedni\u010dkog muziciranja. Raznolik i kvalitetan program odu\u0161evio je publiku, a koncert je ujedno bio i simboli\u010dna potvrda uspjeha cijelog projekta. Po zavr\u0161etku koncerta sudionicima su uru\u010deni certifikati o sudjelovanju.<br \/>\nRavnatelj Glazbene \u0161kole u Vara\u017edinu, Davor Mata\u010di\u0107, naglasio je va\u017enost Erasmus+ programa: \u201eOvakve mobilnosti iznimno su vrijedne jer na\u0161im u\u010denicima i nastavnicima pru\u017eaju priliku za rad u me\u0111unarodnom okru\u017eenju, razmjenu znanja i stjecanje novih iskustava. Suradnja s partnerima iz Madrida bila je iznimno uspje\u0161na, a zadovoljstvo sudionika najbolji je pokazatelj njezine kvalitete i zna\u010daja.\u201c<br \/>\nOvaj Erasmus+ projekt jo\u0161 je jedan primjer kontinuiranog ulaganja Glazbene \u0161kole u Vara\u017edinu u me\u0111unarodnu suradnju, kvalitetu obrazovanja i razvoj mladih glazbenika, potvr\u0111uju\u0107i njezinu predanost izvrsnosti i otvorenosti prema europskom obrazovnom prostoru.<\/p>\n","protected":false},"excerpt":{"rendered":"<p>Glazbena \u0161kola u Vara\u017edinu proteklog je tjedna bila doma\u0107in u\u010denicima i nastavnicima Odjela za solo pjevanje madridskog konzervatorija Conservatorio Profesional Teresa Berganza, u okviru Erasmus+ projekta me\u0111unarodne mobilnosti. Ova uspje\u0161no realizirana suradnja jo\u0161 je jednom potvrdila va\u017enost me\u0111unarodnih programa u unapre\u0111enju umjetni\u010dkog obrazovanja, razvoja i me\u0111ukulturnog razumijevanja. Cilj mobilnosti bio je unaprijediti obrazovnu i umjetni\u010dku [&hellip;]<\/p>\n","protected":false},"author":5,"featured_media":0,"comment_status":"closed","ping_status":"closed","sticky":false,"template":"","format":"standard","meta":{"footnotes":""},"categories":[83],"tags":[],"class_list":["post-40850","post","type-post","status-publish","format-standard","hentry","category-erasmus-plus"],"translation":{"provider":"WPGlobus","version":"3.0.0","language":"gb","enabled_languages":["hr","gb"],"languages":{"hr":{"title":true,"content":true,"excerpt":false},"gb":{"title":false,"content":false,"excerpt":false}}},"_links":{"self":[{"href":"https:\/\/glazbena.hr\/gb\/wp-json\/wp\/v2\/posts\/40850","targetHints":{"allow":["GET"]}}],"collection":[{"href":"https:\/\/glazbena.hr\/gb\/wp-json\/wp\/v2\/posts"}],"about":[{"href":"https:\/\/glazbena.hr\/gb\/wp-json\/wp\/v2\/types\/post"}],"author":[{"embeddable":true,"href":"https:\/\/glazbena.hr\/gb\/wp-json\/wp\/v2\/users\/5"}],"replies":[{"embeddable":true,"href":"https:\/\/glazbena.hr\/gb\/wp-json\/wp\/v2\/comments?post=40850"}],"version-history":[{"count":2,"href":"https:\/\/glazbena.hr\/gb\/wp-json\/wp\/v2\/posts\/40850\/revisions"}],"predecessor-version":[{"id":40852,"href":"https:\/\/glazbena.hr\/gb\/wp-json\/wp\/v2\/posts\/40850\/revisions\/40852"}],"wp:attachment":[{"href":"https:\/\/glazbena.hr\/gb\/wp-json\/wp\/v2\/media?parent=40850"}],"wp:term":[{"taxonomy":"category","embeddable":true,"href":"https:\/\/glazbena.hr\/gb\/wp-json\/wp\/v2\/categories?post=40850"},{"taxonomy":"post_tag","embeddable":true,"href":"https:\/\/glazbena.hr\/gb\/wp-json\/wp\/v2\/tags?post=40850"}],"curies":[{"name":"wp","href":"https:\/\/api.w.org\/{rel}","templated":true}]}}