{"id":4147,"date":"2019-06-19T10:11:55","date_gmt":"2019-06-19T08:11:55","guid":{"rendered":"https:\/\/glazbena.hr\/?p=4147"},"modified":"2019-06-19T10:11:55","modified_gmt":"2019-06-19T08:11:55","slug":"podjela-svjedodzbi-za-osnovnu-glazbenu-skolu-pripremno-obrazovanje-i-srednju-glazbenu-skolu-te-podrucne-odjele","status":"publish","type":"post","link":"https:\/\/glazbena.hr\/gb\/za-ucenike\/podjela-svjedodzbi-za-osnovnu-glazbenu-skolu-pripremno-obrazovanje-i-srednju-glazbenu-skolu-te-podrucne-odjele\/","title":{"rendered":"Podjela svjedod\u017ebi za osnovnu glazbenu \u0161kolu, pripremno obrazovanje i srednju glazbenu \u0161kolu te podru\u010dne odjele"},"content":{"rendered":"<p>Podjela svjedod\u017ebi i upisi u vi\u0161i razred u osnovnoj glazbenoj \u0161koli i podru\u010dnim odjelima odr\u017eat \u0107e se u ponedjeljak, 1. srpnja 2019., dok \u0107e podjela svjedod\u017ebi i upisi u vi\u0161i razred za srednju \u0161kolu i pripremno obrazovanje biti u utorak, 2. srpnja 2019.<\/p>\n<p><a href=\"https:\/\/glazbena.hr\/wp-content\/uploads\/2019\/06\/Podjela-svjedod\u017ebi-za-osnovnu-glazbenu-\u0161kolu-pripremno-obrazovanje-i-srednju-glazbenu-\u0161kolu-te-podru\u010dne-odjele.pdf\">Raspored podjele svjedod\u017ebi za osnovnu glazbenu \u0161kolu, pripremno obrazovanje i srednju glazbenu \u0161kolu te podru\u010dne odjele<\/a><\/p>\n","protected":false},"excerpt":{"rendered":"<p>Podjela svjedod\u017ebi i upisi u vi\u0161i razred u osnovnoj glazbenoj \u0161koli i podru\u010dnim odjelima odr\u017eat \u0107e se u ponedjeljak, 1. srpnja 2019., dok \u0107e podjela svjedod\u017ebi i upisi u vi\u0161i razred za srednju \u0161kolu i pripremno obrazovanje biti u utorak, 2. srpnja 2019. Raspored podjele svjedod\u017ebi za osnovnu glazbenu \u0161kolu, pripremno obrazovanje i srednju glazbenu [&hellip;]<\/p>\n","protected":false},"author":5,"featured_media":0,"comment_status":"closed","ping_status":"closed","sticky":false,"template":"","format":"standard","meta":{"footnotes":""},"categories":[76],"tags":[],"class_list":["post-4147","post","type-post","status-publish","format-standard","hentry","category-za-ucenike"],"translation":{"provider":"WPGlobus","version":"3.0.0","language":"gb","enabled_languages":["hr","gb"],"languages":{"hr":{"title":true,"content":true,"excerpt":false},"gb":{"title":false,"content":false,"excerpt":false}}},"_links":{"self":[{"href":"https:\/\/glazbena.hr\/gb\/wp-json\/wp\/v2\/posts\/4147","targetHints":{"allow":["GET"]}}],"collection":[{"href":"https:\/\/glazbena.hr\/gb\/wp-json\/wp\/v2\/posts"}],"about":[{"href":"https:\/\/glazbena.hr\/gb\/wp-json\/wp\/v2\/types\/post"}],"author":[{"embeddable":true,"href":"https:\/\/glazbena.hr\/gb\/wp-json\/wp\/v2\/users\/5"}],"replies":[{"embeddable":true,"href":"https:\/\/glazbena.hr\/gb\/wp-json\/wp\/v2\/comments?post=4147"}],"version-history":[{"count":0,"href":"https:\/\/glazbena.hr\/gb\/wp-json\/wp\/v2\/posts\/4147\/revisions"}],"wp:attachment":[{"href":"https:\/\/glazbena.hr\/gb\/wp-json\/wp\/v2\/media?parent=4147"}],"wp:term":[{"taxonomy":"category","embeddable":true,"href":"https:\/\/glazbena.hr\/gb\/wp-json\/wp\/v2\/categories?post=4147"},{"taxonomy":"post_tag","embeddable":true,"href":"https:\/\/glazbena.hr\/gb\/wp-json\/wp\/v2\/tags?post=4147"}],"curies":[{"name":"wp","href":"https:\/\/api.w.org\/{rel}","templated":true}]}}