{"id":4183,"date":"2019-07-01T12:52:35","date_gmt":"2019-07-01T10:52:35","guid":{"rendered":"https:\/\/glazbena.hr\/?p=4183"},"modified":"2019-07-01T12:52:35","modified_gmt":"2019-07-01T10:52:35","slug":"omis-guitar-fest","status":"publish","type":"post","link":"https:\/\/glazbena.hr\/gb\/natjecanja\/omis-guitar-fest\/","title":{"rendered":"Omi\u0161 Guitar Fest"},"content":{"rendered":"<p>Gitarsko natjecanje pod nazivom &#8220;Omi\u0161 Guitar Fest 2019.&#8221; se odr\u017ealo u Omi\u0161u od 18. do 25. lipnja 2019. godine.<\/p>\n<p>Gitarski kvartet Glazbene \u0161kole u Vara\u017edinu u sastavu Roko Ko\u010det, Mia Gali\u0107, Ema Posavec Kova\u010d i Nela Gr\u0111an u VII. kategoriji osvojio je prvu nagradu (mentor Moreno Vincekovi\u0107, prof. mentor).<\/p>\n<p>Roko Ko\u010det je u II. kategoriji osvojio prvu nagradu (mentor Tomislav Toma\u0161kovi\u0107, prof.).<\/p>\n<p>Nela Gr\u0111an je u III. kategoriji osvojila drugu nagradu (mentor Moreno Vincekovi\u0107, prof. mentor).<\/p>\n<p>Mia Gali\u0107 je u III. kategoriji osvojila tre\u0107u nagradu (mentor Moreno Vincekovi\u0107, prof.).<\/p>\n<p><a href=\"https:\/\/glazbena.hr\/wp-content\/uploads\/2019\/07\/20190625-Omi\u0161-Guitar-Fest-2019-Omi\u0161-Hrvatska.pdf\">25 06 2019- Omi\u0161 Guitar Fest 2019 &#8211; Omi\u0161 &#8211; Hrvatska<\/a><\/p>\n","protected":false},"excerpt":{"rendered":"<p>Gitarsko natjecanje pod nazivom &#8220;Omi\u0161 Guitar Fest 2019.&#8221; se odr\u017ealo u Omi\u0161u od 18. do 25. lipnja 2019. godine. Gitarski kvartet Glazbene \u0161kole u Vara\u017edinu u sastavu Roko Ko\u010det, Mia Gali\u0107, Ema Posavec Kova\u010d i Nela Gr\u0111an u VII. kategoriji osvojio je prvu nagradu (mentor Moreno Vincekovi\u0107, prof. mentor). Roko Ko\u010det je u II. kategoriji [&hellip;]<\/p>\n","protected":false},"author":5,"featured_media":0,"comment_status":"closed","ping_status":"closed","sticky":false,"template":"","format":"standard","meta":{"footnotes":""},"categories":[66],"tags":[],"class_list":["post-4183","post","type-post","status-publish","format-standard","hentry","category-natjecanja"],"translation":{"provider":"WPGlobus","version":"3.0.0","language":"gb","enabled_languages":["hr","gb"],"languages":{"hr":{"title":true,"content":true,"excerpt":false},"gb":{"title":false,"content":false,"excerpt":false}}},"_links":{"self":[{"href":"https:\/\/glazbena.hr\/gb\/wp-json\/wp\/v2\/posts\/4183","targetHints":{"allow":["GET"]}}],"collection":[{"href":"https:\/\/glazbena.hr\/gb\/wp-json\/wp\/v2\/posts"}],"about":[{"href":"https:\/\/glazbena.hr\/gb\/wp-json\/wp\/v2\/types\/post"}],"author":[{"embeddable":true,"href":"https:\/\/glazbena.hr\/gb\/wp-json\/wp\/v2\/users\/5"}],"replies":[{"embeddable":true,"href":"https:\/\/glazbena.hr\/gb\/wp-json\/wp\/v2\/comments?post=4183"}],"version-history":[{"count":0,"href":"https:\/\/glazbena.hr\/gb\/wp-json\/wp\/v2\/posts\/4183\/revisions"}],"wp:attachment":[{"href":"https:\/\/glazbena.hr\/gb\/wp-json\/wp\/v2\/media?parent=4183"}],"wp:term":[{"taxonomy":"category","embeddable":true,"href":"https:\/\/glazbena.hr\/gb\/wp-json\/wp\/v2\/categories?post=4183"},{"taxonomy":"post_tag","embeddable":true,"href":"https:\/\/glazbena.hr\/gb\/wp-json\/wp\/v2\/tags?post=4183"}],"curies":[{"name":"wp","href":"https:\/\/api.w.org\/{rel}","templated":true}]}}