{"id":41892,"date":"2026-09-01T09:26:24","date_gmt":"2026-09-01T08:26:24","guid":{"rendered":"https:\/\/glazbena.hr\/?p=41892"},"modified":"2026-09-01T09:26:24","modified_gmt":"2026-09-01T08:26:24","slug":"organizacija-1-dana-nastave-7-9-2026","status":"publish","type":"post","link":"https:\/\/glazbena.hr\/gb\/za-ucenike\/organizacija-1-dana-nastave-7-9-2026\/","title":{"rendered":"Organizacija 1. dana nastave &#8211; 7.9.2026."},"content":{"rendered":"<p><a href=\"https:\/\/glazbena.hr\/wp-content\/uploads\/2026\/09\/OGS-Organizacija-prvog-dana-nastave-7.-rujna-2026.pdf\" target=\"_blank\" rel=\"noopener\">OG\u0160-Organizacija-prvog-dana-nastave- 7. rujna 2026<\/a><\/p>\n<p><a href=\"https:\/\/glazbena.hr\/wp-content\/uploads\/2026\/09\/SGS-Organizacija-prvog-dana-nastave-7.-rujna-2026.pdf\" target=\"_blank\" rel=\"noopener\">SG\u0160-Organizacija-prvog-dana-nastave- 7. rujna 2026<\/a><\/p>\n<p><a href=\"https:\/\/glazbena.hr\/wp-content\/uploads\/2026\/09\/PODRUCNI-ODJELI-OGS-Organizacija-prvog-dana-nastave-7.-rujna-2026.pdf\" target=\"_blank\" rel=\"noopener\">PODRU\u010cNI ODJELI &#8211; OG\u0160-Organizacija-prvog-dana-nastave- 7. rujna 2026<\/a><\/p>\n","protected":false},"excerpt":{"rendered":"<p>OG\u0160-Organizacija-prvog-dana-nastave- 7. rujna 2026 SG\u0160-Organizacija-prvog-dana-nastave- 7. rujna 2026 PODRU\u010cNI ODJELI &#8211; OG\u0160-Organizacija-prvog-dana-nastave- 7. rujna 2026<\/p>\n","protected":false},"author":5,"featured_media":0,"comment_status":"closed","ping_status":"closed","sticky":false,"template":"","format":"standard","meta":{"footnotes":""},"categories":[76],"tags":[],"class_list":["post-41892","post","type-post","status-publish","format-standard","hentry","category-za-ucenike"],"translation":{"provider":"WPGlobus","version":"3.0.0","language":"gb","enabled_languages":["hr","gb"],"languages":{"hr":{"title":true,"content":true,"excerpt":false},"gb":{"title":false,"content":false,"excerpt":false}}},"_links":{"self":[{"href":"https:\/\/glazbena.hr\/gb\/wp-json\/wp\/v2\/posts\/41892","targetHints":{"allow":["GET"]}}],"collection":[{"href":"https:\/\/glazbena.hr\/gb\/wp-json\/wp\/v2\/posts"}],"about":[{"href":"https:\/\/glazbena.hr\/gb\/wp-json\/wp\/v2\/types\/post"}],"author":[{"embeddable":true,"href":"https:\/\/glazbena.hr\/gb\/wp-json\/wp\/v2\/users\/5"}],"replies":[{"embeddable":true,"href":"https:\/\/glazbena.hr\/gb\/wp-json\/wp\/v2\/comments?post=41892"}],"version-history":[{"count":2,"href":"https:\/\/glazbena.hr\/gb\/wp-json\/wp\/v2\/posts\/41892\/revisions"}],"predecessor-version":[{"id":41898,"href":"https:\/\/glazbena.hr\/gb\/wp-json\/wp\/v2\/posts\/41892\/revisions\/41898"}],"wp:attachment":[{"href":"https:\/\/glazbena.hr\/gb\/wp-json\/wp\/v2\/media?parent=41892"}],"wp:term":[{"taxonomy":"category","embeddable":true,"href":"https:\/\/glazbena.hr\/gb\/wp-json\/wp\/v2\/categories?post=41892"},{"taxonomy":"post_tag","embeddable":true,"href":"https:\/\/glazbena.hr\/gb\/wp-json\/wp\/v2\/tags?post=41892"}],"curies":[{"name":"wp","href":"https:\/\/api.w.org\/{rel}","templated":true}]}}