{"id":41948,"date":"2026-09-04T09:15:55","date_gmt":"2026-09-04T08:15:55","guid":{"rendered":"https:\/\/glazbena.hr\/?p=41948"},"modified":"2026-09-04T09:16:21","modified_gmt":"2026-09-04T08:16:21","slug":"drzavni-strucni-skup-ucitelja-i-nastavnika-umjetnickih-skola","status":"publish","type":"post","link":"https:\/\/glazbena.hr\/gb\/activity\/drzavni-strucni-skup-ucitelja-i-nastavnika-umjetnickih-skola\/","title":{"rendered":"Dr\u017eavni stru\u010dni skup u\u010ditelja i nastavnika umjetni\u010dkih \u0161kola"},"content":{"rendered":"<p style=\"font-weight: 400;\">Na\u0161e nastavnice na Dr\u017eavnom stru\u010dnom skupu u\u010ditelja i nastavnika umjetni\u010dkih \u0161kola<\/p>\n<p style=\"font-weight: 400;\">Dana 1. i 2. rujna 2026. godine u Glazbenoj \u0161koli Dugo Selo odr\u017ean je Dr\u017eavni stru\u010dni skup u\u010ditelja i nastavnika umjetni\u010dkih \u0161kola pod nazivom \u201eNove paradigme pou\u010davanja u\u010ditelja i nastavnika umjetni\u010dkih \u0161kola\u201c, u organizaciji Agencije za odgoj i obrazovanje. Skup je odr\u017ean pod vodstvom Darije Kurti\u0107, prof., vi\u0161e savjetnice za glazbenu kulturu i glazbenu umjetnost, i Ivane Petravi\u0107 Zeli\u0107, prof., vi\u0161e savjetnice za glazbenu kulturu i glazbenu umjetnost.<\/p>\n<p style=\"font-weight: 400;\">Posebno smo ponosni \u0161to su na ovom dr\u017eavnom stru\u010dnom skupu \u010dak dvije na\u0161e kolegice odr\u017eale predavanja pred u\u010diteljima i nastavnicima umjetni\u010dkih \u0161kola iz cijele Hrvatske!<\/p>\n<ul>\n<li>Ivana Godec-Vincekovi\u0107, prof., izvrstan savjetnik, odr\u017eala je predavanje na temu: \u201eDobrobiti bavljenja glazbom za razvoj (mladog) \u010dovjeka ili za\u0161to je dobro upisati glazbenu \u0161kolu\u201c<\/li>\n<li>Jelena Pokos Prepeli\u0107, prof., predstavila je temu: \u201eOd skladbe do nastavne jedinice \u2013 holisti\u010dki pogled na nastavu solfeggia\u201c<\/li>\n<\/ul>\n<p style=\"font-weight: 400;\">Sudjelovanje na\u0161ih nastavnica u ulozi predava\u010dica na dr\u017eavnom stru\u010dnom skupu veliko je priznanje njihovu stru\u010dnom radu, iskustvu i predanosti glazbenom obrazovanju, ali i lijepa prilika za predstavljanje rada Glazbene \u0161kole u Vara\u017edinu na nacionalnoj razini.<\/p>\n<ul>\n<li>\u010cestitamo na\u0161im kolegicama Ivani i Jeleni te im \u017eelimo jo\u0161 mnogo prilika za dijeljenje znanja, iskustva i primjera dobre prakse s kolegama iz cijele Hrvatske!<\/li>\n<\/ul>\n<p><img loading=\"lazy\" decoding=\"async\" class=\"alignnone size-medium wp-image-41949\" src=\"https:\/\/glazbena.hr\/wp-content\/uploads\/2026\/09\/WhatsApp-Image-2026-09-04-at-07.29.47-3-225x300.jpeg\" alt=\"\" width=\"225\" height=\"300\" srcset=\"https:\/\/glazbena.hr\/wp-content\/uploads\/2026\/09\/WhatsApp-Image-2026-09-04-at-07.29.47-3-225x300.jpeg 225w, https:\/\/glazbena.hr\/wp-content\/uploads\/2026\/09\/WhatsApp-Image-2026-09-04-at-07.29.47-3-768x1024.jpeg 768w, https:\/\/glazbena.hr\/wp-content\/uploads\/2026\/09\/WhatsApp-Image-2026-09-04-at-07.29.47-3-1152x1536.jpeg 1152w, https:\/\/glazbena.hr\/wp-content\/uploads\/2026\/09\/WhatsApp-Image-2026-09-04-at-07.29.47-3.jpeg 1200w\" sizes=\"auto, (max-width: 225px) 100vw, 225px\" \/> <img loading=\"lazy\" decoding=\"async\" class=\"alignnone size-medium wp-image-41950\" src=\"https:\/\/glazbena.hr\/wp-content\/uploads\/2026\/09\/WhatsApp-Image-2026-09-04-at-07.29.47-4-225x300.jpeg\" alt=\"\" width=\"225\" height=\"300\" srcset=\"https:\/\/glazbena.hr\/wp-content\/uploads\/2026\/09\/WhatsApp-Image-2026-09-04-at-07.29.47-4-225x300.jpeg 225w, https:\/\/glazbena.hr\/wp-content\/uploads\/2026\/09\/WhatsApp-Image-2026-09-04-at-07.29.47-4-768x1024.jpeg 768w, https:\/\/glazbena.hr\/wp-content\/uploads\/2026\/09\/WhatsApp-Image-2026-09-04-at-07.29.47-4-1152x1536.jpeg 1152w, https:\/\/glazbena.hr\/wp-content\/uploads\/2026\/09\/WhatsApp-Image-2026-09-04-at-07.29.47-4.jpeg 1200w\" sizes=\"auto, (max-width: 225px) 100vw, 225px\" \/> <img loading=\"lazy\" decoding=\"async\" class=\"alignnone size-medium wp-image-41951\" src=\"https:\/\/glazbena.hr\/wp-content\/uploads\/2026\/09\/IMG-20260901-WA0015-225x300.jpg\" alt=\"\" width=\"225\" height=\"300\" srcset=\"https:\/\/glazbena.hr\/wp-content\/uploads\/2026\/09\/IMG-20260901-WA0015-225x300.jpg 225w, https:\/\/glazbena.hr\/wp-content\/uploads\/2026\/09\/IMG-20260901-WA0015-768x1024.jpg 768w, https:\/\/glazbena.hr\/wp-content\/uploads\/2026\/09\/IMG-20260901-WA0015-1152x1536.jpg 1152w, https:\/\/glazbena.hr\/wp-content\/uploads\/2026\/09\/IMG-20260901-WA0015.jpg 1200w\" sizes=\"auto, (max-width: 225px) 100vw, 225px\" \/> <img loading=\"lazy\" decoding=\"async\" class=\"alignnone size-medium wp-image-41952\" src=\"https:\/\/glazbena.hr\/wp-content\/uploads\/2026\/09\/IMG-20260901-WA0028-158x300.jpg\" alt=\"\" width=\"158\" height=\"300\" srcset=\"https:\/\/glazbena.hr\/wp-content\/uploads\/2026\/09\/IMG-20260901-WA0028-158x300.jpg 158w, https:\/\/glazbena.hr\/wp-content\/uploads\/2026\/09\/IMG-20260901-WA0028-541x1024.jpg 541w, https:\/\/glazbena.hr\/wp-content\/uploads\/2026\/09\/IMG-20260901-WA0028-768x1455.jpg 768w, https:\/\/glazbena.hr\/wp-content\/uploads\/2026\/09\/IMG-20260901-WA0028-811x1536.jpg 811w, https:\/\/glazbena.hr\/wp-content\/uploads\/2026\/09\/IMG-20260901-WA0028.jpg 841w\" sizes=\"auto, (max-width: 158px) 100vw, 158px\" \/><\/p>\n<p style=\"font-weight: 400;\">\n","protected":false},"excerpt":{"rendered":"<p>Na\u0161e nastavnice na Dr\u017eavnom stru\u010dnom skupu u\u010ditelja i nastavnika umjetni\u010dkih \u0161kola Dana 1. i 2. rujna 2026. godine u Glazbenoj \u0161koli Dugo Selo odr\u017ean je Dr\u017eavni stru\u010dni skup u\u010ditelja i nastavnika umjetni\u010dkih \u0161kola pod nazivom \u201eNove paradigme pou\u010davanja u\u010ditelja i nastavnika umjetni\u010dkih \u0161kola\u201c, u organizaciji Agencije za odgoj i obrazovanje. Skup je odr\u017ean pod vodstvom [&hellip;]<\/p>\n","protected":false},"author":5,"featured_media":0,"comment_status":"closed","ping_status":"closed","sticky":false,"template":"","format":"standard","meta":{"footnotes":""},"categories":[70],"tags":[],"class_list":["post-41948","post","type-post","status-publish","format-standard","hentry","category-aktivnosti"],"translation":{"provider":"WPGlobus","version":"3.0.0","language":"gb","enabled_languages":["hr","gb"],"languages":{"hr":{"title":true,"content":true,"excerpt":false},"gb":{"title":false,"content":false,"excerpt":false}}},"_links":{"self":[{"href":"https:\/\/glazbena.hr\/gb\/wp-json\/wp\/v2\/posts\/41948","targetHints":{"allow":["GET"]}}],"collection":[{"href":"https:\/\/glazbena.hr\/gb\/wp-json\/wp\/v2\/posts"}],"about":[{"href":"https:\/\/glazbena.hr\/gb\/wp-json\/wp\/v2\/types\/post"}],"author":[{"embeddable":true,"href":"https:\/\/glazbena.hr\/gb\/wp-json\/wp\/v2\/users\/5"}],"replies":[{"embeddable":true,"href":"https:\/\/glazbena.hr\/gb\/wp-json\/wp\/v2\/comments?post=41948"}],"version-history":[{"count":3,"href":"https:\/\/glazbena.hr\/gb\/wp-json\/wp\/v2\/posts\/41948\/revisions"}],"predecessor-version":[{"id":41954,"href":"https:\/\/glazbena.hr\/gb\/wp-json\/wp\/v2\/posts\/41948\/revisions\/41954"}],"wp:attachment":[{"href":"https:\/\/glazbena.hr\/gb\/wp-json\/wp\/v2\/media?parent=41948"}],"wp:term":[{"taxonomy":"category","embeddable":true,"href":"https:\/\/glazbena.hr\/gb\/wp-json\/wp\/v2\/categories?post=41948"},{"taxonomy":"post_tag","embeddable":true,"href":"https:\/\/glazbena.hr\/gb\/wp-json\/wp\/v2\/tags?post=41948"}],"curies":[{"name":"wp","href":"https:\/\/api.w.org\/{rel}","templated":true}]}}