{"id":4199,"date":"2019-07-09T11:38:27","date_gmt":"2019-07-09T09:38:27","guid":{"rendered":"https:\/\/glazbena.hr\/?p=4199"},"modified":"2019-07-09T14:01:22","modified_gmt":"2019-07-09T12:01:22","slug":"zaprimanje-prijavnica-za-upis-u-prvi-razred-srednje-skole","status":"publish","type":"post","link":"https:\/\/glazbena.hr\/gb\/srednja-glazbena\/zaprimanje-prijavnica-za-upis-u-prvi-razred-srednje-skole\/","title":{"rendered":"Zaprimanje prijavnica za upis u prvi razred srednje \u0161kole"},"content":{"rendered":"<p>U srijedu, 10. srpnja 2019. u 12:00 sati zaklju\u010dat \u0107e se liste prioriteta kandidata te \u0107e od toga trenutka razrednicima osnovnih \u0161kola biti omogu\u0107en ispis prijavnica za u\u010denike njihovih razreda.<\/p>\n<p>Prijavnice moraju potpisati kandidat i njegov roditelj\/skrbnik te dostaviti razredniku do 12. srpnja 2019. godine u 15:00 sati, koji \u0107e to ozna\u010diti u sustavu. U opravdanom slu\u010daju, ako kandidat nije u mogu\u0107nosti potpisati prijavnicu, dovoljan je potpis roditelja\/skrbnika. Ako ni roditelj\/skrbnik nije u mogu\u0107nosti dostaviti potpisanu prijavnicu, potpisanu prijavnicu mo\u017ee dostaviti opunomo\u0107ena osoba (roditelj\/skrbnik daje punomo\u0107 kod javnog bilje\u017enika).<br \/>\nVA\u017dNO!<br \/>\nSamo kandidati za koje je u sustavu ozna\u010deno da su predali potpisanu prijavnicu na\u0107i \u0107e se na kona\u010dnim ljestvicama poretka.<\/p>\n<p>&#8211; U\u010denici 8. razreda \u0161kola u RH svoje \u0107e prijavnice dobiti od razrednika u svojoj osnovnoj \u0161koli te ih potpisane na vrijeme moraju vratiti razredniku.<\/p>\n<p>&#8211; U\u010denici \u0161kola u RH koji nisu 8. razred (kandidati za umjetni\u010dke \u0161kole, ponavlja\u010di) od trenutka zaklju\u010davanja liste prioriteta mo\u0107i \u0107e ispisati prijavnicu sa svoga su\u010delja na kartici &#8220;Moj odabir&#8221;. Du\u017eni su ih potpisane dostaviti do 12. srpnja 2019. godine u 15:00 sati upisnom povjerenstvu u \u0161kolu koja ih je aktivirala.<\/p>\n<p>&#8211; Kandidati koje je registrirao Sredi\u0161nji prijavni ured od trenutka zaklju\u010davanja liste prioriteta mo\u0107i \u0107e ispisati prijavnicu sa svoga su\u010delja na kartici &#8220;Moj odabir&#8221;. Du\u017eni su ih potpisane do 12. srpnja 2019. godine u 15:00 sati dostaviti Sredi\u0161njem prijavnom uredu na adresu e-po\u0161te srednja@azvo.hr<\/p>\n<p>&#8211; U\u010denici koji su ostvarili pravo izravnog upisa kao u\u010denici s te\u0161ko\u0107ama u razvoju na rangiranju koje je zavr\u0161eno 26. lipnja 2019. NE nose prijavnice u osnovnu \u0161kolu (jer su svoju prijavu potpisali u uredu dr\u017eavne uprave).<br \/>\nPotpisivanjem prijavnice svi kandidati potvr\u0111uju svoju stvarnu namjeru upisa u bilo koji obrazovni program naveden u prijavnici. Aplikacija \u0107e kandidata automatski rasporediti na obrazovni program koji mu je najvi\u0161e na listi prioriteta, a na kojemu prema broju bodova ulazi u upisnu kvotu. Tako\u0111er, ova prijava ne garantira upis u odabrane obrazovne programe, ako upisna kvota u trenutku objave kona\u010dnih ljestvica poretka bude popunjena kandidatima s vi\u0161e bodova. Molimo u\u010denike da detaljno provjere prijave programa, minimalne bodovne pragove \u0161kola i realno postave svoje prioritete.<br \/>\nZaprimanje <strong>PRIJAVNICA<\/strong> u Glazbenoj \u0161koli u Vara\u017edinu \u0107e se vr\u0161iti u sljede\u0107im terminima:<\/p>\n<p><strong>Srijeda, 10.07.2019.<\/strong><br \/>\nod 13 do 18 sati<\/p>\n<p><strong>\u010cetvrtak, 11.07.2019.<\/strong><br \/>\nod 8 do 18 sati<\/p>\n<p><strong>Petak, 12.07.2019.<\/strong><br \/>\nod 8 do 13 sati<\/p>\n<p><a href=\"https:\/\/glazbena.hr\/wp-content\/uploads\/2019\/07\/Zaprimanje-PRIJAVNICA-od-10.-do-12.-srpnja-2019..pdf\">Zaprimanje PRIJAVNICA od 10. do 12. srpnja 2019.<\/a><\/p>\n<p><a href=\"https:\/\/glazbena.hr\/wp-content\/uploads\/2019\/07\/Zaprimanje-PRIJAVNICA-od-10.-do-12.-srpnja-2019.-page-002.jpg\">\u00a0<\/a><\/p>\n","protected":false},"excerpt":{"rendered":"<p>U srijedu, 10. srpnja 2019. u 12:00 sati zaklju\u010dat \u0107e se liste prioriteta kandidata te \u0107e od toga trenutka razrednicima osnovnih \u0161kola biti omogu\u0107en ispis prijavnica za u\u010denike njihovih razreda. Prijavnice moraju potpisati kandidat i njegov roditelj\/skrbnik te dostaviti razredniku do 12. srpnja 2019. godine u 15:00 sati, koji \u0107e to ozna\u010diti u sustavu. U [&hellip;]<\/p>\n","protected":false},"author":5,"featured_media":0,"comment_status":"closed","ping_status":"closed","sticky":false,"template":"","format":"standard","meta":{"footnotes":""},"categories":[63,62],"tags":[],"class_list":["post-4199","post","type-post","status-publish","format-standard","hentry","category-pripremno-obrazovanje","category-srednja-glazbena"],"translation":{"provider":"WPGlobus","version":"3.0.0","language":"gb","enabled_languages":["hr","gb"],"languages":{"hr":{"title":true,"content":true,"excerpt":false},"gb":{"title":false,"content":false,"excerpt":false}}},"_links":{"self":[{"href":"https:\/\/glazbena.hr\/gb\/wp-json\/wp\/v2\/posts\/4199","targetHints":{"allow":["GET"]}}],"collection":[{"href":"https:\/\/glazbena.hr\/gb\/wp-json\/wp\/v2\/posts"}],"about":[{"href":"https:\/\/glazbena.hr\/gb\/wp-json\/wp\/v2\/types\/post"}],"author":[{"embeddable":true,"href":"https:\/\/glazbena.hr\/gb\/wp-json\/wp\/v2\/users\/5"}],"replies":[{"embeddable":true,"href":"https:\/\/glazbena.hr\/gb\/wp-json\/wp\/v2\/comments?post=4199"}],"version-history":[{"count":0,"href":"https:\/\/glazbena.hr\/gb\/wp-json\/wp\/v2\/posts\/4199\/revisions"}],"wp:attachment":[{"href":"https:\/\/glazbena.hr\/gb\/wp-json\/wp\/v2\/media?parent=4199"}],"wp:term":[{"taxonomy":"category","embeddable":true,"href":"https:\/\/glazbena.hr\/gb\/wp-json\/wp\/v2\/categories?post=4199"},{"taxonomy":"post_tag","embeddable":true,"href":"https:\/\/glazbena.hr\/gb\/wp-json\/wp\/v2\/tags?post=4199"}],"curies":[{"name":"wp","href":"https:\/\/api.w.org\/{rel}","templated":true}]}}