{"id":4477,"date":"2019-09-18T17:10:15","date_gmt":"2019-09-18T15:10:15","guid":{"rendered":"https:\/\/glazbena.hr\/?p=4477"},"modified":"2019-09-28T17:11:35","modified_gmt":"2019-09-28T15:11:35","slug":"1-medunarodno-natjecanje-za-mlade-orguljase-fondazione-friuli","status":"publish","type":"post","link":"https:\/\/glazbena.hr\/gb\/natjecanja\/1-medunarodno-natjecanje-za-mlade-orguljase-fondazione-friuli\/","title":{"rendered":"1. me\u0111unarodno natjecanje za mlade orgulja\u0161e Fondazione Friuli"},"content":{"rendered":"<p>Tomislav Krobot, u\u010denik 3. A razreda srednje Glazbene \u0161kole u Vara\u017edinu iz klase mr. art. Natalije Imbri\u0161ak, sudjelovao je na 1. me\u0111unarodnom natjecanju za mlade orgulja\u0161e \u2033Fondazione Friuli\u2033, odr\u017eanom od 5. do 7. rujna 2019. godine u katedrali u Tricesimu (Udine), u Italiji.<\/p>\n<p>Svoj natjecateljski program (Domenico Zipoli, Nicolaus Bruhns i L\u00e9on Bo\u00ebllmann) predstavio je na dva instrumenta: na obnovljenim tromanualnim Zanin \u2013 orguljama i novim orguljama u stilu talijanskog baroka (tradicija graditeljske \u0161kole Petra Naki\u0107a). Ocjenjiva\u010dki sud predvodio je Olivier Latry \u2013 ugledni orgulja\u0161 katedrale Notre \u2013 Dame u Parizu, a uz njega \u010dlanovi su bili Ruggero Livieri i Toma\u017e Sev\u0161ek<\/p>\n<p><a href=\"https:\/\/glazbena.hr\/wp-content\/uploads\/2019\/09\/20190907-1.-me\u0111unarodno-natjecanje-za-mlade-orgulja\u0161e-Fondazione-Friuli-Udine-Italija.pdf\">1. me\u0111unarodno natjecanje za mlade orgulja\u0161e Fondazione Friuli &#8211; Udine &#8211; Italija<\/a><\/p>\n","protected":false},"excerpt":{"rendered":"<p>Tomislav Krobot, u\u010denik 3. A razreda srednje Glazbene \u0161kole u Vara\u017edinu iz klase mr. art. Natalije Imbri\u0161ak, sudjelovao je na 1. me\u0111unarodnom natjecanju za mlade orgulja\u0161e \u2033Fondazione Friuli\u2033, odr\u017eanom od 5. do 7. rujna 2019. godine u katedrali u Tricesimu (Udine), u Italiji. Svoj natjecateljski program (Domenico Zipoli, Nicolaus Bruhns i L\u00e9on Bo\u00ebllmann) predstavio je [&hellip;]<\/p>\n","protected":false},"author":11,"featured_media":0,"comment_status":"closed","ping_status":"closed","sticky":false,"template":"","format":"standard","meta":{"footnotes":""},"categories":[66],"tags":[],"class_list":["post-4477","post","type-post","status-publish","format-standard","hentry","category-natjecanja"],"translation":{"provider":"WPGlobus","version":"3.0.0","language":"gb","enabled_languages":["hr","gb"],"languages":{"hr":{"title":true,"content":true,"excerpt":false},"gb":{"title":false,"content":false,"excerpt":false}}},"_links":{"self":[{"href":"https:\/\/glazbena.hr\/gb\/wp-json\/wp\/v2\/posts\/4477","targetHints":{"allow":["GET"]}}],"collection":[{"href":"https:\/\/glazbena.hr\/gb\/wp-json\/wp\/v2\/posts"}],"about":[{"href":"https:\/\/glazbena.hr\/gb\/wp-json\/wp\/v2\/types\/post"}],"author":[{"embeddable":true,"href":"https:\/\/glazbena.hr\/gb\/wp-json\/wp\/v2\/users\/11"}],"replies":[{"embeddable":true,"href":"https:\/\/glazbena.hr\/gb\/wp-json\/wp\/v2\/comments?post=4477"}],"version-history":[{"count":0,"href":"https:\/\/glazbena.hr\/gb\/wp-json\/wp\/v2\/posts\/4477\/revisions"}],"wp:attachment":[{"href":"https:\/\/glazbena.hr\/gb\/wp-json\/wp\/v2\/media?parent=4477"}],"wp:term":[{"taxonomy":"category","embeddable":true,"href":"https:\/\/glazbena.hr\/gb\/wp-json\/wp\/v2\/categories?post=4477"},{"taxonomy":"post_tag","embeddable":true,"href":"https:\/\/glazbena.hr\/gb\/wp-json\/wp\/v2\/tags?post=4477"}],"curies":[{"name":"wp","href":"https:\/\/api.w.org\/{rel}","templated":true}]}}