{"id":4971,"date":"2019-10-21T08:44:30","date_gmt":"2019-10-21T06:44:30","guid":{"rendered":"https:\/\/glazbena.hr\/?p=4971"},"modified":"2019-10-23T09:50:42","modified_gmt":"2019-10-23T07:50:42","slug":"produkcija-odjela-za-gitaru-i-tambure-6","status":"publish","type":"post","link":"https:\/\/glazbena.hr\/gb\/produkcije\/produkcija-odjela-za-gitaru-i-tambure-6\/","title":{"rendered":"Produkcija odjela za gitaru i tambure &#8211; 21. listopada 2019."},"content":{"rendered":"<p>Produkcija odjela za gitaru i tambure odr\u017eat \u0107e se u ponedjeljak 21. listopada 2019. godine u Velikoj koncertnoj dvorani Glazbene \u0161kole u Vara\u017edinu u 19:00 sati.<\/p>\n<p><a href=\"https:\/\/glazbena.hr\/wp-content\/uploads\/2019\/10\/Produkcija-odjela-za-gitaru-i-tambure.pdf\">Produkcija odjela za gitaru i tambure<\/a><\/p>\n","protected":false},"excerpt":{"rendered":"<p>Produkcija odjela za gitaru i tambure odr\u017eat \u0107e se u ponedjeljak 21. listopada 2019. godine u Velikoj koncertnoj dvorani Glazbene \u0161kole u Vara\u017edinu u 19:00 sati. Produkcija odjela za gitaru i tambure<\/p>\n","protected":false},"author":11,"featured_media":0,"comment_status":"closed","ping_status":"closed","sticky":false,"template":"","format":"standard","meta":{"footnotes":""},"categories":[65],"tags":[],"class_list":["post-4971","post","type-post","status-publish","format-standard","hentry","category-produkcije"],"translation":{"provider":"WPGlobus","version":"3.0.0","language":"gb","enabled_languages":["hr","gb"],"languages":{"hr":{"title":true,"content":true,"excerpt":false},"gb":{"title":false,"content":false,"excerpt":false}}},"_links":{"self":[{"href":"https:\/\/glazbena.hr\/gb\/wp-json\/wp\/v2\/posts\/4971","targetHints":{"allow":["GET"]}}],"collection":[{"href":"https:\/\/glazbena.hr\/gb\/wp-json\/wp\/v2\/posts"}],"about":[{"href":"https:\/\/glazbena.hr\/gb\/wp-json\/wp\/v2\/types\/post"}],"author":[{"embeddable":true,"href":"https:\/\/glazbena.hr\/gb\/wp-json\/wp\/v2\/users\/11"}],"replies":[{"embeddable":true,"href":"https:\/\/glazbena.hr\/gb\/wp-json\/wp\/v2\/comments?post=4971"}],"version-history":[{"count":0,"href":"https:\/\/glazbena.hr\/gb\/wp-json\/wp\/v2\/posts\/4971\/revisions"}],"wp:attachment":[{"href":"https:\/\/glazbena.hr\/gb\/wp-json\/wp\/v2\/media?parent=4971"}],"wp:term":[{"taxonomy":"category","embeddable":true,"href":"https:\/\/glazbena.hr\/gb\/wp-json\/wp\/v2\/categories?post=4971"},{"taxonomy":"post_tag","embeddable":true,"href":"https:\/\/glazbena.hr\/gb\/wp-json\/wp\/v2\/tags?post=4971"}],"curies":[{"name":"wp","href":"https:\/\/api.w.org\/{rel}","templated":true}]}}