{"id":5434,"date":"2019-11-08T13:10:08","date_gmt":"2019-11-08T11:10:08","guid":{"rendered":"https:\/\/glazbena.hr\/?p=5434"},"modified":"2019-11-12T09:14:57","modified_gmt":"2019-11-12T07:14:57","slug":"koncert-svena-brajkovica","status":"publish","type":"post","link":"https:\/\/glazbena.hr\/gb\/events\/koncert-svena-brajkovica\/","title":{"rendered":"Recital Sven Brajkovi\u0107"},"content":{"rendered":"<p>Dobitnik posebne nagrade Hrvatske glazbene mlade\u017ei za najboljeg hrvatskog izvo\u0111a\u010da na Memorijalu Jurica Murai 2018. godine Sven Brajkovi\u0107 gostovat \u0107e u Glazbenoj \u0161koli u Vara\u017edinu 14. studenog 2019. godine.Ovaj mladi klavirist student je Muzi\u010dke akademije u Zagrebu i Akademije za Glasbo u Ljubljani. Njegovi profesori uklju\u010duju Sr\u0111ana Filipa \u010caldarovi\u0107a i Aleksandra Serdara.\u00a0 Sudjelovao je na vi\u0161e od 30 regionalnih, dr\u017eavnih i me\u0111unarodnih natjecanja i osvojio devetnaest prvih nagrada. Polaznik je seminara kod uva\u017eenih doma\u0107ih i svjetskih pedagoga kao \u0161to su Romuald Noll, Ruben Dalibaltayan, Julia Gubajdulina, Sr\u0111an Filip \u010caldarovi\u0107, \u0110uro Tikvica, Olga Cinkoburova, Nina Patar\u010dec, Vassilia Efstathiadou, Nata\u0161a Veljkovi\u0107, Robert Andre\u0161, Vladimir Krpan, Filip Fak, Ratko Delorko, Aleksandar Serdar, Lauma Skride, Vladimir Mlinari\u0107, Hari Gusek, \u0110or\u0111e Stanetti, Andrea Padova, Lovre Maru\u0161i\u0107, Yang Ding te Grigory Gruzman.<br \/>\n2018. godine kao prvi student iz Hrvatske odlazi na studensku razmjenu u grad Hangzhou, Kina, gdje jedan semestar studira u klasi prof. Yang Ding, D.M.A. Dobitnik je dekanove nagrade na Muzi\u010dkoj akademiji u Zagrebu za godinu 2017.\/2018. Ovaj koncert ujedno je i najava Memorijala Jurica Murai i Murai Grand Prix koji \u0107e se odr\u017eati od 03. travnja 2020. godine do 08. travnja 2020. godine. \u010clanovi \u017eirija eminentni su pijanisti, \u0110or\u0111e Stanetti (Hrvatska), Grigory Gruzman (Rusija), Xin Wang (Kina), Ruben Dalibaltayan (Armenija) i Giuliano Adorno (Italija).<br \/>\nNa koncertu \u0107e izvesti djela Josepha Haydna, Frederica Chopina i Sergeja Prokofjeva. Koncert \u0107e se odr\u017eati u Velikoj koncertnoj dvorani Glazbene \u0161kole u Vara\u017edinu s po\u010detkom u 19:00 sati,\u00a0 a ulaz je slobodan.<\/p>\n<p><a href=\"https:\/\/glazbena.hr\/wp-content\/uploads\/2019\/11\/PLAKAT-BRAJKOVI\u0106.jpg\"><img loading=\"lazy\" decoding=\"async\" class=\"alignnone wp-image-5456 size-medium\" src=\"https:\/\/glazbena.hr\/wp-content\/uploads\/2019\/11\/PLAKAT-BRAJKOVI\u0106-214x300.jpg\" alt=\"\" width=\"214\" height=\"300\" srcset=\"https:\/\/glazbena.hr\/wp-content\/uploads\/2019\/11\/PLAKAT-BRAJKOVI\u0106-214x300.jpg 214w, https:\/\/glazbena.hr\/wp-content\/uploads\/2019\/11\/PLAKAT-BRAJKOVI\u0106-768x1075.jpg 768w, https:\/\/glazbena.hr\/wp-content\/uploads\/2019\/11\/PLAKAT-BRAJKOVI\u0106-731x1024.jpg 731w\" sizes=\"auto, (max-width: 214px) 100vw, 214px\" \/><\/a>\u00a0 <img loading=\"lazy\" decoding=\"async\" class=\"alignnone wp-image-5376\" src=\"https:\/\/glazbena.hr\/wp-content\/uploads\/2019\/11\/DSC04468-LR-Export-2-212x300.jpg\" alt=\"\" width=\"212\" height=\"300\" srcset=\"https:\/\/glazbena.hr\/wp-content\/uploads\/2019\/11\/DSC04468-LR-Export-2-212x300.jpg 212w, https:\/\/glazbena.hr\/wp-content\/uploads\/2019\/11\/DSC04468-LR-Export-2-768x1085.jpg 768w, https:\/\/glazbena.hr\/wp-content\/uploads\/2019\/11\/DSC04468-LR-Export-2-725x1024.jpg 725w\" sizes=\"auto, (max-width: 212px) 100vw, 212px\" \/><\/p>\n","protected":false},"excerpt":{"rendered":"<p>Dobitnik posebne nagrade Hrvatske glazbene mlade\u017ei za najboljeg hrvatskog izvo\u0111a\u010da na Memorijalu Jurica Murai 2018. godine Sven Brajkovi\u0107 gostovat \u0107e u Glazbenoj \u0161koli u Vara\u017edinu 14. studenog 2019. godine.Ovaj mladi klavirist student je Muzi\u010dke akademije u Zagrebu i Akademije za Glasbo u Ljubljani. Njegovi profesori uklju\u010duju Sr\u0111ana Filipa \u010caldarovi\u0107a i Aleksandra Serdara.\u00a0 Sudjelovao je na [&hellip;]<\/p>\n","protected":false},"author":11,"featured_media":0,"comment_status":"closed","ping_status":"closed","sticky":false,"template":"","format":"standard","meta":{"footnotes":""},"categories":[64],"tags":[],"class_list":["post-5434","post","type-post","status-publish","format-standard","hentry","category-najava-dogadanja"],"translation":{"provider":"WPGlobus","version":"3.0.0","language":"gb","enabled_languages":["hr","gb"],"languages":{"hr":{"title":true,"content":true,"excerpt":false},"gb":{"title":false,"content":false,"excerpt":false}}},"_links":{"self":[{"href":"https:\/\/glazbena.hr\/gb\/wp-json\/wp\/v2\/posts\/5434","targetHints":{"allow":["GET"]}}],"collection":[{"href":"https:\/\/glazbena.hr\/gb\/wp-json\/wp\/v2\/posts"}],"about":[{"href":"https:\/\/glazbena.hr\/gb\/wp-json\/wp\/v2\/types\/post"}],"author":[{"embeddable":true,"href":"https:\/\/glazbena.hr\/gb\/wp-json\/wp\/v2\/users\/11"}],"replies":[{"embeddable":true,"href":"https:\/\/glazbena.hr\/gb\/wp-json\/wp\/v2\/comments?post=5434"}],"version-history":[{"count":0,"href":"https:\/\/glazbena.hr\/gb\/wp-json\/wp\/v2\/posts\/5434\/revisions"}],"wp:attachment":[{"href":"https:\/\/glazbena.hr\/gb\/wp-json\/wp\/v2\/media?parent=5434"}],"wp:term":[{"taxonomy":"category","embeddable":true,"href":"https:\/\/glazbena.hr\/gb\/wp-json\/wp\/v2\/categories?post=5434"},{"taxonomy":"post_tag","embeddable":true,"href":"https:\/\/glazbena.hr\/gb\/wp-json\/wp\/v2\/tags?post=5434"}],"curies":[{"name":"wp","href":"https:\/\/api.w.org\/{rel}","templated":true}]}}