{"id":5677,"date":"2019-12-13T19:50:03","date_gmt":"2019-12-13T17:50:03","guid":{"rendered":"https:\/\/glazbena.hr\/?p=5677"},"modified":"2019-12-13T19:50:03","modified_gmt":"2019-12-13T17:50:03","slug":"koncert-ususret-bozicu","status":"publish","type":"post","link":"https:\/\/glazbena.hr\/gb\/events\/koncert-ususret-bozicu\/","title":{"rendered":"Koncert &#8220;Ususret Bo\u017ei\u0107u&#8221;"},"content":{"rendered":"<p>Tradicionalni koncert &#8220;Ususret Bo\u017ei\u0107u&#8221; odr\u017eat \u0107e se ove godine u vara\u017edinskoj katedrali Uznesenja Bla\u017eene Djevice Marije u ponedjeljak, 16. prosinca 2019. godine s po\u010detkom u 18:30 sati. Na koncertu \u0107e sudjelovati u\u010denici orgulja, solo pjevanja i violine Glazbene \u0161kole u Vara\u017edinu.<\/p>\n<p><a href=\"https:\/\/glazbena.hr\/wp-content\/uploads\/2019\/12\/KAT.BOZIC-2019.-program.pdf\">Ususret Bo\u017ei\u0107u 16.12.2019. <\/a><\/p>\n<p><a href=\"https:\/\/glazbena.hr\/wp-content\/uploads\/2019\/12\/Ususret-Bo\u017ei\u0107u-koncert-orgulja\u0161a_page-0001.jpg\"><img loading=\"lazy\" decoding=\"async\" class=\"aligncenter wp-image-5679 size-medium\" src=\"https:\/\/glazbena.hr\/wp-content\/uploads\/2019\/12\/Ususret-Bo\u017ei\u0107u-koncert-orgulja\u0161a_page-0001-212x300.jpg\" alt=\"\" width=\"212\" height=\"300\" srcset=\"https:\/\/glazbena.hr\/wp-content\/uploads\/2019\/12\/Ususret-Bo\u017ei\u0107u-koncert-orgulja\u0161a_page-0001-212x300.jpg 212w, https:\/\/glazbena.hr\/wp-content\/uploads\/2019\/12\/Ususret-Bo\u017ei\u0107u-koncert-orgulja\u0161a_page-0001-768x1086.jpg 768w, https:\/\/glazbena.hr\/wp-content\/uploads\/2019\/12\/Ususret-Bo\u017ei\u0107u-koncert-orgulja\u0161a_page-0001-724x1024.jpg 724w, https:\/\/glazbena.hr\/wp-content\/uploads\/2019\/12\/Ususret-Bo\u017ei\u0107u-koncert-orgulja\u0161a_page-0001.jpg 1241w\" sizes=\"auto, (max-width: 212px) 100vw, 212px\" \/><\/a><\/p>\n<p>&nbsp;<\/p>\n","protected":false},"excerpt":{"rendered":"<p>Tradicionalni koncert &#8220;Ususret Bo\u017ei\u0107u&#8221; odr\u017eat \u0107e se ove godine u vara\u017edinskoj katedrali Uznesenja Bla\u017eene Djevice Marije u ponedjeljak, 16. prosinca 2019. godine s po\u010detkom u 18:30 sati. Na koncertu \u0107e sudjelovati u\u010denici orgulja, solo pjevanja i violine Glazbene \u0161kole u Vara\u017edinu. Ususret Bo\u017ei\u0107u 16.12.2019. &nbsp;<\/p>\n","protected":false},"author":5,"featured_media":0,"comment_status":"closed","ping_status":"closed","sticky":false,"template":"","format":"standard","meta":{"footnotes":""},"categories":[64],"tags":[],"class_list":["post-5677","post","type-post","status-publish","format-standard","hentry","category-najava-dogadanja"],"translation":{"provider":"WPGlobus","version":"3.0.0","language":"gb","enabled_languages":["hr","gb"],"languages":{"hr":{"title":true,"content":true,"excerpt":false},"gb":{"title":false,"content":false,"excerpt":false}}},"_links":{"self":[{"href":"https:\/\/glazbena.hr\/gb\/wp-json\/wp\/v2\/posts\/5677","targetHints":{"allow":["GET"]}}],"collection":[{"href":"https:\/\/glazbena.hr\/gb\/wp-json\/wp\/v2\/posts"}],"about":[{"href":"https:\/\/glazbena.hr\/gb\/wp-json\/wp\/v2\/types\/post"}],"author":[{"embeddable":true,"href":"https:\/\/glazbena.hr\/gb\/wp-json\/wp\/v2\/users\/5"}],"replies":[{"embeddable":true,"href":"https:\/\/glazbena.hr\/gb\/wp-json\/wp\/v2\/comments?post=5677"}],"version-history":[{"count":0,"href":"https:\/\/glazbena.hr\/gb\/wp-json\/wp\/v2\/posts\/5677\/revisions"}],"wp:attachment":[{"href":"https:\/\/glazbena.hr\/gb\/wp-json\/wp\/v2\/media?parent=5677"}],"wp:term":[{"taxonomy":"category","embeddable":true,"href":"https:\/\/glazbena.hr\/gb\/wp-json\/wp\/v2\/categories?post=5677"},{"taxonomy":"post_tag","embeddable":true,"href":"https:\/\/glazbena.hr\/gb\/wp-json\/wp\/v2\/tags?post=5677"}],"curies":[{"name":"wp","href":"https:\/\/api.w.org\/{rel}","templated":true}]}}