{"id":5863,"date":"2020-01-29T15:36:02","date_gmt":"2020-01-29T13:36:02","guid":{"rendered":"https:\/\/glazbena.hr\/?p=5863"},"modified":"2020-01-29T15:36:02","modified_gmt":"2020-01-29T13:36:02","slug":"3-hrvatska-glazbena-olimpijada-pregrada","status":"publish","type":"post","link":"https:\/\/glazbena.hr\/gb\/natjecanja\/3-hrvatska-glazbena-olimpijada-pregrada\/","title":{"rendered":"3. hrvatska glazbena olimpijada Pregrada"},"content":{"rendered":"<p>Matija Pongra\u010di\u0107, u\u010denik 4. razreda Glazbene \u0161kole u Vara\u017edinu, teorijski smjer osvojio je 1. mjesto na 3. hrvatskoj glazbenoj olimpijadi odr\u017eanoj 25. sije\u010dnja 2020. godine u O\u0160 Janka Leskovara u Pregradi. Matija se natjecao u kategoriji u\u010denika od 16 do 19 godina i svojim se rezultatom uspio plasirati na 5. Me\u0111unarodnu glazbenu olimpijadu koja \u0107e se odr\u017eati od 22. do 25. travnja 2020. godine na Cipru.<\/p>\n<p>Olimpijsko natjecanje se odvija u \u010detiri discipline: prvi dio je pismeni test iz poznavanja glazbene umjetnosti, drugi je dio izvo\u0111enje glazbenih meloritamskih i ritamskih primjera a vista, tre\u0107i je dio izvo\u0111enje i analiza tradicijske glazbe, dok se \u010detvrti dio odnosi na izvo\u0111enje autorske skladbe.<\/p>\n<p>U izvedbi Matijine autorske skladbe &#8220;Inferno&#8221; i tradicijske glazbe sudjeluju u\u010denici Glazbene \u0161kole u Vara\u017edinu i Prve gimnazije Vara\u017edin: Ema Kova\u010di\u0107, Korina Klampfl, Klara Petric, Ruta Bobi\u0107 i Borna Kosec.<\/p>\n<p><a href=\"https:\/\/glazbena.hr\/wp-content\/uploads\/2020\/01\/20200125-3.-hrvatska-glazbena-olimpijada-Pregrada-Hrvatska.pdf\">25.01.2020.- 3. hrvatska glazbena olimpijada &#8211; Pregrada &#8211; Hrvatska<\/a><\/p>\n","protected":false},"excerpt":{"rendered":"<p>Matija Pongra\u010di\u0107, u\u010denik 4. razreda Glazbene \u0161kole u Vara\u017edinu, teorijski smjer osvojio je 1. mjesto na 3. hrvatskoj glazbenoj olimpijadi odr\u017eanoj 25. sije\u010dnja 2020. godine u O\u0160 Janka Leskovara u Pregradi. Matija se natjecao u kategoriji u\u010denika od 16 do 19 godina i svojim se rezultatom uspio plasirati na 5. Me\u0111unarodnu glazbenu olimpijadu koja \u0107e [&hellip;]<\/p>\n","protected":false},"author":5,"featured_media":0,"comment_status":"closed","ping_status":"closed","sticky":false,"template":"","format":"standard","meta":{"footnotes":""},"categories":[66],"tags":[],"class_list":["post-5863","post","type-post","status-publish","format-standard","hentry","category-natjecanja"],"translation":{"provider":"WPGlobus","version":"3.0.0","language":"gb","enabled_languages":["hr","gb"],"languages":{"hr":{"title":true,"content":true,"excerpt":false},"gb":{"title":false,"content":false,"excerpt":false}}},"_links":{"self":[{"href":"https:\/\/glazbena.hr\/gb\/wp-json\/wp\/v2\/posts\/5863","targetHints":{"allow":["GET"]}}],"collection":[{"href":"https:\/\/glazbena.hr\/gb\/wp-json\/wp\/v2\/posts"}],"about":[{"href":"https:\/\/glazbena.hr\/gb\/wp-json\/wp\/v2\/types\/post"}],"author":[{"embeddable":true,"href":"https:\/\/glazbena.hr\/gb\/wp-json\/wp\/v2\/users\/5"}],"replies":[{"embeddable":true,"href":"https:\/\/glazbena.hr\/gb\/wp-json\/wp\/v2\/comments?post=5863"}],"version-history":[{"count":0,"href":"https:\/\/glazbena.hr\/gb\/wp-json\/wp\/v2\/posts\/5863\/revisions"}],"wp:attachment":[{"href":"https:\/\/glazbena.hr\/gb\/wp-json\/wp\/v2\/media?parent=5863"}],"wp:term":[{"taxonomy":"category","embeddable":true,"href":"https:\/\/glazbena.hr\/gb\/wp-json\/wp\/v2\/categories?post=5863"},{"taxonomy":"post_tag","embeddable":true,"href":"https:\/\/glazbena.hr\/gb\/wp-json\/wp\/v2\/tags?post=5863"}],"curies":[{"name":"wp","href":"https:\/\/api.w.org\/{rel}","templated":true}]}}