{"id":6077,"date":"2020-03-09T13:14:19","date_gmt":"2020-03-09T11:14:19","guid":{"rendered":"https:\/\/glazbena.hr\/?p=6077"},"modified":"2020-03-09T13:14:28","modified_gmt":"2020-03-09T11:14:28","slug":"produkcije-odjela-za-gitare-i-tambure","status":"publish","type":"post","link":"https:\/\/glazbena.hr\/gb\/produkcije\/produkcije-odjela-za-gitare-i-tambure\/","title":{"rendered":"Produkcije odjela za gitare i tambure"},"content":{"rendered":"<p>Produkcije odjela za gitaru i tambure \u0107e se odr\u017eati u ponedjeljak, 9. o\u017eujka 2020. u Velikoj koncertnoj dvorani Glazbene \u0161kole u Vara\u017edinu. Po\u010detak prve produkcije je u 18.00 sati,\u00a0dok je po\u010detak druge produkcije 19.00 sati.<\/p>\n<p><a href=\"https:\/\/glazbena.hr\/wp-content\/uploads\/2020\/03\/Produkcija-odjela-za-gitaru-i-tambure.pdf\">Produkcija odjela za gitaru i tambure &#8211; prvi dio<\/a><\/p>\n<p><a href=\"https:\/\/glazbena.hr\/wp-content\/uploads\/2020\/03\/Produkcija-odjela-za-gitaru-i-tambure-drugi-dio.pdf\">Produkcija odjela za gitaru i tambure &#8211; drugi dio<\/a><\/p>\n","protected":false},"excerpt":{"rendered":"<p>Produkcije odjela za gitaru i tambure \u0107e se odr\u017eati u ponedjeljak, 9. o\u017eujka 2020. u Velikoj koncertnoj dvorani Glazbene \u0161kole u Vara\u017edinu. Po\u010detak prve produkcije je u 18.00 sati,\u00a0dok je po\u010detak druge produkcije 19.00 sati. Produkcija odjela za gitaru i tambure &#8211; prvi dio Produkcija odjela za gitaru i tambure &#8211; drugi dio<\/p>\n","protected":false},"author":5,"featured_media":0,"comment_status":"closed","ping_status":"closed","sticky":false,"template":"","format":"standard","meta":{"footnotes":""},"categories":[65],"tags":[],"class_list":["post-6077","post","type-post","status-publish","format-standard","hentry","category-produkcije"],"translation":{"provider":"WPGlobus","version":"3.0.0","language":"gb","enabled_languages":["hr","gb"],"languages":{"hr":{"title":true,"content":true,"excerpt":false},"gb":{"title":false,"content":false,"excerpt":false}}},"_links":{"self":[{"href":"https:\/\/glazbena.hr\/gb\/wp-json\/wp\/v2\/posts\/6077","targetHints":{"allow":["GET"]}}],"collection":[{"href":"https:\/\/glazbena.hr\/gb\/wp-json\/wp\/v2\/posts"}],"about":[{"href":"https:\/\/glazbena.hr\/gb\/wp-json\/wp\/v2\/types\/post"}],"author":[{"embeddable":true,"href":"https:\/\/glazbena.hr\/gb\/wp-json\/wp\/v2\/users\/5"}],"replies":[{"embeddable":true,"href":"https:\/\/glazbena.hr\/gb\/wp-json\/wp\/v2\/comments?post=6077"}],"version-history":[{"count":0,"href":"https:\/\/glazbena.hr\/gb\/wp-json\/wp\/v2\/posts\/6077\/revisions"}],"wp:attachment":[{"href":"https:\/\/glazbena.hr\/gb\/wp-json\/wp\/v2\/media?parent=6077"}],"wp:term":[{"taxonomy":"category","embeddable":true,"href":"https:\/\/glazbena.hr\/gb\/wp-json\/wp\/v2\/categories?post=6077"},{"taxonomy":"post_tag","embeddable":true,"href":"https:\/\/glazbena.hr\/gb\/wp-json\/wp\/v2\/tags?post=6077"}],"curies":[{"name":"wp","href":"https:\/\/api.w.org\/{rel}","templated":true}]}}