{"id":6088,"date":"2020-03-09T13:46:04","date_gmt":"2020-03-09T11:46:04","guid":{"rendered":"https:\/\/glazbena.hr\/?p=6088"},"modified":"2020-03-09T13:46:04","modified_gmt":"2020-03-09T11:46:04","slug":"produkcija-natjecatelja-10-3-2020","status":"publish","type":"post","link":"https:\/\/glazbena.hr\/gb\/produkcije\/produkcija-natjecatelja-10-3-2020\/","title":{"rendered":"Produkcija natjecatelja &#8211; 10.3.2020."},"content":{"rendered":"<p>Produkcija natjecatelja, u\u010denika koji se pripremaju za natjecanja, odr\u017eat \u0107e se u utorak, 10. o\u017eujka 2020. u Velikoj koncertnoj dvorani Glazbene \u0161kole u Vara\u017edinu.<\/p>\n<p><a href=\"https:\/\/glazbena.hr\/wp-content\/uploads\/2020\/03\/Produkcija-natjecatelja.pdf\">Produkcija natjecatelja<\/a><\/p>\n","protected":false},"excerpt":{"rendered":"<p>Produkcija natjecatelja, u\u010denika koji se pripremaju za natjecanja, odr\u017eat \u0107e se u utorak, 10. o\u017eujka 2020. u Velikoj koncertnoj dvorani Glazbene \u0161kole u Vara\u017edinu. Produkcija natjecatelja<\/p>\n","protected":false},"author":5,"featured_media":0,"comment_status":"closed","ping_status":"closed","sticky":false,"template":"","format":"standard","meta":{"footnotes":""},"categories":[65],"tags":[],"class_list":["post-6088","post","type-post","status-publish","format-standard","hentry","category-produkcije"],"translation":{"provider":"WPGlobus","version":"3.0.0","language":"gb","enabled_languages":["hr","gb"],"languages":{"hr":{"title":true,"content":true,"excerpt":false},"gb":{"title":false,"content":false,"excerpt":false}}},"_links":{"self":[{"href":"https:\/\/glazbena.hr\/gb\/wp-json\/wp\/v2\/posts\/6088","targetHints":{"allow":["GET"]}}],"collection":[{"href":"https:\/\/glazbena.hr\/gb\/wp-json\/wp\/v2\/posts"}],"about":[{"href":"https:\/\/glazbena.hr\/gb\/wp-json\/wp\/v2\/types\/post"}],"author":[{"embeddable":true,"href":"https:\/\/glazbena.hr\/gb\/wp-json\/wp\/v2\/users\/5"}],"replies":[{"embeddable":true,"href":"https:\/\/glazbena.hr\/gb\/wp-json\/wp\/v2\/comments?post=6088"}],"version-history":[{"count":0,"href":"https:\/\/glazbena.hr\/gb\/wp-json\/wp\/v2\/posts\/6088\/revisions"}],"wp:attachment":[{"href":"https:\/\/glazbena.hr\/gb\/wp-json\/wp\/v2\/media?parent=6088"}],"wp:term":[{"taxonomy":"category","embeddable":true,"href":"https:\/\/glazbena.hr\/gb\/wp-json\/wp\/v2\/categories?post=6088"},{"taxonomy":"post_tag","embeddable":true,"href":"https:\/\/glazbena.hr\/gb\/wp-json\/wp\/v2\/tags?post=6088"}],"curies":[{"name":"wp","href":"https:\/\/api.w.org\/{rel}","templated":true}]}}