{"id":6544,"date":"2020-06-05T18:14:28","date_gmt":"2020-06-05T16:14:28","guid":{"rendered":"https:\/\/glazbena.hr\/?p=6544"},"modified":"2020-06-05T18:50:13","modified_gmt":"2020-06-05T16:50:13","slug":"upisi-u-predskolske-programe-glazbene-skole-u-varazdinu-2","status":"publish","type":"post","link":"https:\/\/glazbena.hr\/gb\/predskolski-program\/upisi-u-predskolske-programe-glazbene-skole-u-varazdinu-2\/","title":{"rendered":"Upisi u pred\u0161kolske programe Glazbene \u0161kole u Vara\u017edinu"},"content":{"rendered":"<p>U pred\u0161kolske programe (u pravilu, djeca stara od 4 do 7 godina) u \u0161kolskoj godini 2020.\/2021. u\u010denici se upisuju u:<br \/>\n&#8211; u po\u010detni\u010dki solfeggio<br \/>\n&#8211; u dje\u010dji zbor pred\u0161kolskog uzrasta<br \/>\n&#8211; u malu \u0161kolu blok-flaute<br \/>\n&#8211; u malu \u0161kolu violine.<\/p>\n<p><strong>Zbog trenutne epidemiolo\u0161ke situacije ove \u0107e se godine uvesti <em>sustav pretprijava<\/em>, koje \u0107e biti otvorene <em>od 1. do 18. lipnja 202<\/em>0., a bit \u0107e dostupne na mre\u017enoj stranici \u0160kole \u2013 www.glazbena.hr.<\/strong><br \/>\n<strong>Po zavr\u0161etku pretprijava svi roditelji\/skrbnici bit \u0107e kontaktirani u vezi dogovora to\u010dnog vremena prijemne audicije, a koja je planirana 26.6.2020.<\/strong><br \/>\n<strong>Upis u\u010denika planiran je 27. i 29 lipnja 2020.<\/strong><br \/>\nUkoliko se na ljetnom upisnom roku ne popune sva upisna mjesta odr\u017eat \u0107e se i jesenski upisni rok.<\/p>\n<p><a href=\"https:\/\/glazbena.hr\/wp-content\/uploads\/2020\/06\/Natje\u010daj-za-upis-u\u010denika-u-pred\u0161kolske-programe-2020.2021.pdf\">Natje\u010daj za upis u\u010denika u pred\u0161kolske programe &#8211; 2020.2021<\/a><\/p>\n<p><a href=\"https:\/\/glazbena.hr\/wp-content\/uploads\/2020\/06\/Pravilnik-o-organizaciji-i-provo\u0111enju-prijemne-audicije-za-upis-u-pred\u0161kolske-programe.pdf\">Pravilnik o organizaciji i provo\u0111enju prijemne audicije za upis u pred\u0161kolske programe<\/a><\/p>\n<p><a href=\"https:\/\/glazbena.hr\/wp-content\/uploads\/2020\/06\/PRIJAVNICA-za-AUDICIJU-pred\u0161kolski-programi.docx\">Prijavnica-za-audiciju-pred\u0161kolski programi<\/a><\/p>\n<p><a href=\"https:\/\/glazbena.hr\/wp-content\/uploads\/2020\/06\/Privola-u\u010denika-Glazebne-\u0161kole-u-Vara\u017edinu-za-audiciju-pred\u0161kolski-programi.doc\">Privola u\u010denika Glazbene \u0161kole u Vara\u017edinu &#8211; za audiciju &#8211; pred\u0161kolski programi<\/a><\/p>\n","protected":false},"excerpt":{"rendered":"<p>U pred\u0161kolske programe (u pravilu, djeca stara od 4 do 7 godina) u \u0161kolskoj godini 2020.\/2021. u\u010denici se upisuju u: &#8211; u po\u010detni\u010dki solfeggio &#8211; u dje\u010dji zbor pred\u0161kolskog uzrasta &#8211; u malu \u0161kolu blok-flaute &#8211; u malu \u0161kolu violine. Zbog trenutne epidemiolo\u0161ke situacije ove \u0107e se godine uvesti sustav pretprijava, koje \u0107e biti otvorene [&hellip;]<\/p>\n","protected":false},"author":5,"featured_media":0,"comment_status":"closed","ping_status":"closed","sticky":false,"template":"","format":"standard","meta":{"footnotes":""},"categories":[67,60],"tags":[],"class_list":["post-6544","post","type-post","status-publish","format-standard","hentry","category-informacije","category-predskolski-program"],"translation":{"provider":"WPGlobus","version":"3.0.0","language":"gb","enabled_languages":["hr","gb"],"languages":{"hr":{"title":true,"content":true,"excerpt":false},"gb":{"title":false,"content":false,"excerpt":false}}},"_links":{"self":[{"href":"https:\/\/glazbena.hr\/gb\/wp-json\/wp\/v2\/posts\/6544","targetHints":{"allow":["GET"]}}],"collection":[{"href":"https:\/\/glazbena.hr\/gb\/wp-json\/wp\/v2\/posts"}],"about":[{"href":"https:\/\/glazbena.hr\/gb\/wp-json\/wp\/v2\/types\/post"}],"author":[{"embeddable":true,"href":"https:\/\/glazbena.hr\/gb\/wp-json\/wp\/v2\/users\/5"}],"replies":[{"embeddable":true,"href":"https:\/\/glazbena.hr\/gb\/wp-json\/wp\/v2\/comments?post=6544"}],"version-history":[{"count":0,"href":"https:\/\/glazbena.hr\/gb\/wp-json\/wp\/v2\/posts\/6544\/revisions"}],"wp:attachment":[{"href":"https:\/\/glazbena.hr\/gb\/wp-json\/wp\/v2\/media?parent=6544"}],"wp:term":[{"taxonomy":"category","embeddable":true,"href":"https:\/\/glazbena.hr\/gb\/wp-json\/wp\/v2\/categories?post=6544"},{"taxonomy":"post_tag","embeddable":true,"href":"https:\/\/glazbena.hr\/gb\/wp-json\/wp\/v2\/tags?post=6544"}],"curies":[{"name":"wp","href":"https:\/\/api.w.org\/{rel}","templated":true}]}}