{"id":6688,"date":"2020-06-25T20:54:22","date_gmt":"2020-06-25T18:54:22","guid":{"rendered":"https:\/\/glazbena.hr\/?p=6688"},"modified":"2020-06-26T18:35:52","modified_gmt":"2020-06-26T16:35:52","slug":"rezultati-prijemne-audicije-u-podrucnim-odjelima-glazbene-skole-u-varazdinu-2","status":"publish","type":"post","link":"https:\/\/glazbena.hr\/gb\/osnovna-glazbena\/rezultati-prijemne-audicije-u-podrucnim-odjelima-glazbene-skole-u-varazdinu-2\/","title":{"rendered":"Rezultati prijemne audicije u podru\u010dnim odjelima Glazbene \u0161kole u Vara\u017edinu &#8211; ljetni upisni rok"},"content":{"rendered":"<p><a href=\"https:\/\/glazbena.hr\/wp-content\/uploads\/2020\/06\/Podru\u010dni-odjel-u-Cestici-Rezultati-prijemne-audicije-za-upis-u-1.-razred-ljetni-upisni-rok.pdf\">Podru\u010dni odjel u Cestici &#8211; Rezultati prijemne audicije za upis u 1. razred &#8211; ljetni upisni rok<\/a><\/p>\n<p><a href=\"https:\/\/glazbena.hr\/wp-content\/uploads\/2020\/06\/Podru\u010dni-odjel-u-Ivancu-Rezultati-prijemne-audicije-za-upis-u-1.-razred-ljetni-upisni-rok.pdf\">Podru\u010dni odjel u Ivancu &#8211; Rezultati prijemne audicije za upis u 1. razred &#8211; ljetni upisni rok<\/a><\/p>\n<p><a href=\"https:\/\/glazbena.hr\/wp-content\/uploads\/2020\/06\/Podru\u010dni-odjel-u-Lepoglavi-Rezultati-prijemne-audicije-za-upis-u-1.-razred-ljetni-upisni-rok.pdf\">Podru\u010dni odjel u Lepoglavi &#8211; Rezultati prijemne audicije za upis u 1. razred &#8211; ljetni upisni rok<\/a><\/p>\n<p><a href=\"https:\/\/glazbena.hr\/wp-content\/uploads\/2020\/06\/PO-u-Vara\u017edinskim-Toplicama-Rezultati-prijemne-audicije-za-upis-u-1.-razred.pdf\">Podru\u010dni odjel u Vara\u017edinskim Toplicama &#8211; Rezultati prijemne audicije za upis u 1. razred-ljetni upisni rok<\/a><\/p>\n","protected":false},"excerpt":{"rendered":"<p>Podru\u010dni odjel u Cestici &#8211; Rezultati prijemne audicije za upis u 1. razred &#8211; ljetni upisni rok Podru\u010dni odjel u Ivancu &#8211; Rezultati prijemne audicije za upis u 1. razred &#8211; ljetni upisni rok Podru\u010dni odjel u Lepoglavi &#8211; Rezultati prijemne audicije za upis u 1. razred &#8211; ljetni upisni rok Podru\u010dni odjel u Vara\u017edinskim [&hellip;]<\/p>\n","protected":false},"author":5,"featured_media":0,"comment_status":"closed","ping_status":"closed","sticky":false,"template":"","format":"standard","meta":{"footnotes":""},"categories":[61],"tags":[],"class_list":["post-6688","post","type-post","status-publish","format-standard","hentry","category-osnovna-glazbena"],"translation":{"provider":"WPGlobus","version":"3.0.0","language":"gb","enabled_languages":["hr","gb"],"languages":{"hr":{"title":true,"content":true,"excerpt":false},"gb":{"title":false,"content":false,"excerpt":false}}},"_links":{"self":[{"href":"https:\/\/glazbena.hr\/gb\/wp-json\/wp\/v2\/posts\/6688","targetHints":{"allow":["GET"]}}],"collection":[{"href":"https:\/\/glazbena.hr\/gb\/wp-json\/wp\/v2\/posts"}],"about":[{"href":"https:\/\/glazbena.hr\/gb\/wp-json\/wp\/v2\/types\/post"}],"author":[{"embeddable":true,"href":"https:\/\/glazbena.hr\/gb\/wp-json\/wp\/v2\/users\/5"}],"replies":[{"embeddable":true,"href":"https:\/\/glazbena.hr\/gb\/wp-json\/wp\/v2\/comments?post=6688"}],"version-history":[{"count":0,"href":"https:\/\/glazbena.hr\/gb\/wp-json\/wp\/v2\/posts\/6688\/revisions"}],"wp:attachment":[{"href":"https:\/\/glazbena.hr\/gb\/wp-json\/wp\/v2\/media?parent=6688"}],"wp:term":[{"taxonomy":"category","embeddable":true,"href":"https:\/\/glazbena.hr\/gb\/wp-json\/wp\/v2\/categories?post=6688"},{"taxonomy":"post_tag","embeddable":true,"href":"https:\/\/glazbena.hr\/gb\/wp-json\/wp\/v2\/tags?post=6688"}],"curies":[{"name":"wp","href":"https:\/\/api.w.org\/{rel}","templated":true}]}}