{"id":6702,"date":"2020-06-26T18:41:54","date_gmt":"2020-06-26T16:41:54","guid":{"rendered":"https:\/\/glazbena.hr\/?p=6702"},"modified":"2020-06-26T18:41:54","modified_gmt":"2020-06-26T16:41:54","slug":"rezultati-prijemne-audicije-predskolski-programi","status":"publish","type":"post","link":"https:\/\/glazbena.hr\/gb\/predskolski-program\/rezultati-prijemne-audicije-predskolski-programi\/","title":{"rendered":"Rezultati prijemne audicije &#8211; pred\u0161kolski programi"},"content":{"rendered":"<p>Upisi u pred\u0161kolske programe &#8211; mala \u0161kola violine, mala \u0161kola blok flaute, po\u010detni\u010dki solfeggio i pred\u0161kolski zbor:<\/p>\n<ul>\n<li>subota, 27. lipnja 2020. od 9.00 do 12.00 sati u sobi 10<\/li>\n<li>ponedjeljak, 29. lipnja 2020. od 9.00 do 14.00 sati u sobi 10.<\/li>\n<\/ul>\n<p><a href=\"https:\/\/glazbena.hr\/wp-content\/uploads\/2020\/06\/Mala-\u0161kola-blok-flaute-Rezultati-prijemne-audicije-ljetni-upisni-rok.pdf\">Mala \u0161kola blok flaute &#8211; Rezultati prijemne audicije &#8211; ljetni upisni rok<\/a><\/p>\n<p><a href=\"https:\/\/glazbena.hr\/wp-content\/uploads\/2020\/06\/Mala-\u0161kola-violine-Rezultati-prijemne-audicije-ljetni-upisni-rok.pdf\">Mala \u0161kola violine &#8211; Rezultati prijemne audicije &#8211; ljetni upisni rok<\/a><\/p>\n","protected":false},"excerpt":{"rendered":"<p>Upisi u pred\u0161kolske programe &#8211; mala \u0161kola violine, mala \u0161kola blok flaute, po\u010detni\u010dki solfeggio i pred\u0161kolski zbor: subota, 27. lipnja 2020. od 9.00 do 12.00 sati u sobi 10 ponedjeljak, 29. lipnja 2020. od 9.00 do 14.00 sati u sobi 10. Mala \u0161kola blok flaute &#8211; Rezultati prijemne audicije &#8211; ljetni upisni rok Mala \u0161kola [&hellip;]<\/p>\n","protected":false},"author":5,"featured_media":0,"comment_status":"closed","ping_status":"closed","sticky":false,"template":"","format":"standard","meta":{"footnotes":""},"categories":[60],"tags":[],"class_list":["post-6702","post","type-post","status-publish","format-standard","hentry","category-predskolski-program"],"translation":{"provider":"WPGlobus","version":"3.0.0","language":"gb","enabled_languages":["hr","gb"],"languages":{"hr":{"title":true,"content":true,"excerpt":false},"gb":{"title":false,"content":false,"excerpt":false}}},"_links":{"self":[{"href":"https:\/\/glazbena.hr\/gb\/wp-json\/wp\/v2\/posts\/6702","targetHints":{"allow":["GET"]}}],"collection":[{"href":"https:\/\/glazbena.hr\/gb\/wp-json\/wp\/v2\/posts"}],"about":[{"href":"https:\/\/glazbena.hr\/gb\/wp-json\/wp\/v2\/types\/post"}],"author":[{"embeddable":true,"href":"https:\/\/glazbena.hr\/gb\/wp-json\/wp\/v2\/users\/5"}],"replies":[{"embeddable":true,"href":"https:\/\/glazbena.hr\/gb\/wp-json\/wp\/v2\/comments?post=6702"}],"version-history":[{"count":0,"href":"https:\/\/glazbena.hr\/gb\/wp-json\/wp\/v2\/posts\/6702\/revisions"}],"wp:attachment":[{"href":"https:\/\/glazbena.hr\/gb\/wp-json\/wp\/v2\/media?parent=6702"}],"wp:term":[{"taxonomy":"category","embeddable":true,"href":"https:\/\/glazbena.hr\/gb\/wp-json\/wp\/v2\/categories?post=6702"},{"taxonomy":"post_tag","embeddable":true,"href":"https:\/\/glazbena.hr\/gb\/wp-json\/wp\/v2\/tags?post=6702"}],"curies":[{"name":"wp","href":"https:\/\/api.w.org\/{rel}","templated":true}]}}