{"id":6708,"date":"2020-06-26T21:44:17","date_gmt":"2020-06-26T19:44:17","guid":{"rendered":"https:\/\/glazbena.hr\/?p=6708"},"modified":"2020-06-26T21:44:17","modified_gmt":"2020-06-26T19:44:17","slug":"rezultati-prijemne-audicije-za-upis-u-prvi-razred-osnovne-glazbene-skole-ljetni-upisni-rok","status":"publish","type":"post","link":"https:\/\/glazbena.hr\/gb\/osnovna-glazbena\/rezultati-prijemne-audicije-za-upis-u-prvi-razred-osnovne-glazbene-skole-ljetni-upisni-rok\/","title":{"rendered":"Rezultati prijemne audicije za upis u prvi razred osnovne glazbene \u0161kole &#8211; ljetni upisni rok"},"content":{"rendered":"<p>Upisi u 1. razred osnovne glazbene \u0161kole:<\/p>\n<ul>\n<li>subota, 27. lipnja 2020. od 9.00 do 13.00 sati u sobi 15<\/li>\n<li>ponedjeljak, 29. lipnja 2020. od 9.00 do 14.00 sati u sobi 15.<\/li>\n<\/ul>\n<p>Upisati se mogu u\u010denici koji su iznad bodovne crte, uz napomenu da je mogu\u0107e da \u0107e se bodovna crta spu\u0161tati obzirom da je vi\u0161e kandidata na listi poretka za dva instrumenta, a upisat \u0107e jedan.<\/p>\n<p><a href=\"https:\/\/glazbena.hr\/wp-content\/uploads\/2020\/06\/Glazbena-\u0161kola-u-Vara\u017edinu-Rezultati-prijemne-audicije-za-upis-u-1.r.-ljetni-upisni-rok.pdf\">Glazbena \u0161kola u Vara\u017edinu &#8211; Rezultati prijemne audicije za upis u 1.r. &#8211; ljetni upisni rok<\/a><\/p>\n","protected":false},"excerpt":{"rendered":"<p>Upisi u 1. razred osnovne glazbene \u0161kole: subota, 27. lipnja 2020. od 9.00 do 13.00 sati u sobi 15 ponedjeljak, 29. lipnja 2020. od 9.00 do 14.00 sati u sobi 15. Upisati se mogu u\u010denici koji su iznad bodovne crte, uz napomenu da je mogu\u0107e da \u0107e se bodovna crta spu\u0161tati obzirom da je vi\u0161e [&hellip;]<\/p>\n","protected":false},"author":5,"featured_media":0,"comment_status":"closed","ping_status":"closed","sticky":false,"template":"","format":"standard","meta":{"footnotes":""},"categories":[61],"tags":[],"class_list":["post-6708","post","type-post","status-publish","format-standard","hentry","category-osnovna-glazbena"],"translation":{"provider":"WPGlobus","version":"3.0.0","language":"gb","enabled_languages":["hr","gb"],"languages":{"hr":{"title":true,"content":true,"excerpt":false},"gb":{"title":false,"content":false,"excerpt":false}}},"_links":{"self":[{"href":"https:\/\/glazbena.hr\/gb\/wp-json\/wp\/v2\/posts\/6708","targetHints":{"allow":["GET"]}}],"collection":[{"href":"https:\/\/glazbena.hr\/gb\/wp-json\/wp\/v2\/posts"}],"about":[{"href":"https:\/\/glazbena.hr\/gb\/wp-json\/wp\/v2\/types\/post"}],"author":[{"embeddable":true,"href":"https:\/\/glazbena.hr\/gb\/wp-json\/wp\/v2\/users\/5"}],"replies":[{"embeddable":true,"href":"https:\/\/glazbena.hr\/gb\/wp-json\/wp\/v2\/comments?post=6708"}],"version-history":[{"count":0,"href":"https:\/\/glazbena.hr\/gb\/wp-json\/wp\/v2\/posts\/6708\/revisions"}],"wp:attachment":[{"href":"https:\/\/glazbena.hr\/gb\/wp-json\/wp\/v2\/media?parent=6708"}],"wp:term":[{"taxonomy":"category","embeddable":true,"href":"https:\/\/glazbena.hr\/gb\/wp-json\/wp\/v2\/categories?post=6708"},{"taxonomy":"post_tag","embeddable":true,"href":"https:\/\/glazbena.hr\/gb\/wp-json\/wp\/v2\/tags?post=6708"}],"curies":[{"name":"wp","href":"https:\/\/api.w.org\/{rel}","templated":true}]}}