{"id":6783,"date":"2020-07-03T14:59:03","date_gmt":"2020-07-03T12:59:03","guid":{"rendered":"https:\/\/glazbena.hr\/?p=6783"},"modified":"2020-07-03T14:59:03","modified_gmt":"2020-07-03T12:59:03","slug":"slobodna-upisna-mjesta-za-jesenski-upisni-rok","status":"publish","type":"post","link":"https:\/\/glazbena.hr\/gb\/osnovna-glazbena\/slobodna-upisna-mjesta-za-jesenski-upisni-rok\/","title":{"rendered":"Slobodna upisna mjesta za jesenski upisni rok"},"content":{"rendered":"<p>Za jesenski upisni rok pretprijave \u0107e biti otvorene <em><strong>od 15. srpnja 2020. do 21. kolovoza 2020.<\/strong><\/em><\/p>\n<p><strong>Predvi\u0111eni termini odr\u017eavanja prijemnih audicija i upisa u jesenskom upisnom roku:<\/strong><\/p>\n<p><strong><em>Glazbena \u0161kola u Vara\u017edinu<\/em> \u2013 prijemna audicija 27. kolovoza 2020., objava rezultata i upis 28. kolovoza 2020.<\/strong><br \/>\n<strong><em>Podru\u010dni odjeli<\/em> \u2013 prijemna audicija 27. kolovoza 2020., objava rezultata i upis 28. kolovoza 2020.<\/strong><br \/>\n(termini su podlo\u017eni promjenama ovisno o epidemiolo\u0161koj situaciji)<\/p>\n<p>&nbsp;<\/p>\n<p><a href=\"https:\/\/glazbena.hr\/wp-content\/uploads\/2020\/07\/Glazbena-\u0161kola-u-Vara\u017edinu-Slobodna-upisna-mjesta-za-jesenski-upisni-rok-2020.2021.pdf\">Glazbena \u0161kola u Vara\u017edinu &#8211; Slobodna upisna mjesta za jesenski upisni rok 2020.2021<\/a><\/p>\n<p><a href=\"https:\/\/glazbena.hr\/wp-content\/uploads\/2020\/07\/Podru\u010dni-odjel-u-Lepoglavi-Slobodna-upisna-mjesta-za-jesenski-rok-2020.2021.pdf\">Podru\u010dni odjel u Lepoglavi &#8211; Slobodna upisna mjesta za jesenski rok 2020.2021<\/a><\/p>\n<p><a href=\"https:\/\/glazbena.hr\/wp-content\/uploads\/2020\/07\/Podru\u010dni-odjel-u-Ivancu-Slobodna-upisna-mjesta-za-jesenski-upisni-rok-2020.2021.pdf\">Podru\u010dni odjel u Ivancu &#8211; Slobodna upisna mjesta za jesenski upisni rok 2020.2021<\/a><\/p>\n<p><a href=\"https:\/\/glazbena.hr\/wp-content\/uploads\/2020\/07\/Podru\u010dni-odjel-u-Cestici-Slobodna-upisna-mjesta-za-jesenski-upisni-rok-2020.2021.pdf\">Podru\u010dni odjel u Cestici &#8211; Slobodna upisna mjesta za jesenski upisni rok 2020.2021<\/a><\/p>\n<p><a href=\"https:\/\/glazbena.hr\/wp-content\/uploads\/2020\/07\/PO-u-Vara\u017edinskim-Toplicama-Slobodna-upisna-mjesta-za-jesenski-upisni-rok-2020.2021.pdf\">Podru\u010dni odjel u Vara\u017edinskim Toplicama &#8211; Slobodna upisna mjesta za jesenski upisni rok 2020.2021<\/a><\/p>\n","protected":false},"excerpt":{"rendered":"<p>Za jesenski upisni rok pretprijave \u0107e biti otvorene od 15. srpnja 2020. do 21. kolovoza 2020. Predvi\u0111eni termini odr\u017eavanja prijemnih audicija i upisa u jesenskom upisnom roku: Glazbena \u0161kola u Vara\u017edinu \u2013 prijemna audicija 27. kolovoza 2020., objava rezultata i upis 28. kolovoza 2020. Podru\u010dni odjeli \u2013 prijemna audicija 27. kolovoza 2020., objava rezultata i [&hellip;]<\/p>\n","protected":false},"author":5,"featured_media":0,"comment_status":"closed","ping_status":"closed","sticky":false,"template":"","format":"standard","meta":{"footnotes":""},"categories":[61],"tags":[],"class_list":["post-6783","post","type-post","status-publish","format-standard","hentry","category-osnovna-glazbena"],"translation":{"provider":"WPGlobus","version":"3.0.0","language":"gb","enabled_languages":["hr","gb"],"languages":{"hr":{"title":true,"content":true,"excerpt":false},"gb":{"title":false,"content":false,"excerpt":false}}},"_links":{"self":[{"href":"https:\/\/glazbena.hr\/gb\/wp-json\/wp\/v2\/posts\/6783","targetHints":{"allow":["GET"]}}],"collection":[{"href":"https:\/\/glazbena.hr\/gb\/wp-json\/wp\/v2\/posts"}],"about":[{"href":"https:\/\/glazbena.hr\/gb\/wp-json\/wp\/v2\/types\/post"}],"author":[{"embeddable":true,"href":"https:\/\/glazbena.hr\/gb\/wp-json\/wp\/v2\/users\/5"}],"replies":[{"embeddable":true,"href":"https:\/\/glazbena.hr\/gb\/wp-json\/wp\/v2\/comments?post=6783"}],"version-history":[{"count":0,"href":"https:\/\/glazbena.hr\/gb\/wp-json\/wp\/v2\/posts\/6783\/revisions"}],"wp:attachment":[{"href":"https:\/\/glazbena.hr\/gb\/wp-json\/wp\/v2\/media?parent=6783"}],"wp:term":[{"taxonomy":"category","embeddable":true,"href":"https:\/\/glazbena.hr\/gb\/wp-json\/wp\/v2\/categories?post=6783"},{"taxonomy":"post_tag","embeddable":true,"href":"https:\/\/glazbena.hr\/gb\/wp-json\/wp\/v2\/tags?post=6783"}],"curies":[{"name":"wp","href":"https:\/\/api.w.org\/{rel}","templated":true}]}}