{"id":6799,"date":"2020-07-06T12:56:02","date_gmt":"2020-07-06T10:56:02","guid":{"rendered":"https:\/\/glazbena.hr\/?p=6799"},"modified":"2020-07-08T12:27:37","modified_gmt":"2020-07-08T10:27:37","slug":"prijava-obrazovnih-programa-u-ljetnom-roku-8-7-12-7-2020","status":"publish","type":"post","link":"https:\/\/glazbena.hr\/gb\/srednja-glazbena\/prijava-obrazovnih-programa-u-ljetnom-roku-8-7-12-7-2020\/","title":{"rendered":"Prijava obrazovnih programa u ljetnom roku &#8211; 8.7.-12.7.2020."},"content":{"rendered":"<p>Dana 8. srpnja 2020. godine zapo\u010dinju prijave obrazovnih programa u sustavu NISpuS\u0160.<br \/>\nPrijave obrazovnih programa zapo\u010det \u0107e u 12,00 sati, a obrazovni programi za glazbene \u0161kole (jer zahtijevaju dodatne provjere) \u0107e se mo\u0107i prijavljivati do 12. srpnja 2020. godine.<br \/>\nKona\u010dne ljestvice poretka za sve programe, pa i one s ranijim rokom prijave, bit \u0107e generirane 25. srpnja 2020. godine. Svi kandidati koji \u017eele prijaviti obrazovne programe i upisati se u ljetnome roku, moraju ih prijaviti u gore navedenim rokovima te po\u0161tovati i ostale rokove navedene u publikaciji. Cijeli postupak prijava detaljno je opisan u publikaciji \u201ePrijave i upisi u srednje \u0161kole za \u0161kolsku godinu 2020.\/2021. \u2013 Idemo u srednju!\u201c te upu\u0107ujemo sve kandidate da dobro prou\u010de sam postupak.<br \/>\nNagla\u0161avamo svim kandidatima da listu prioriteta treba pa\u017eljivo pripremiti tako da se na vrh liste postavi obrazovni program koji se najvi\u0161e \u017eeli upisati, a zatim i ostali, \u017eeljenim redoslijedom. Sukladno tome, kandidat \u0107e se optimalno rasporediti na obrazovni program koji mu je najvi\u0161i na listi prioriteta, a za koji se, prema ostvarenim bodovima, nalazi u sklopu upisne kvote. Posebnu pa\u017enju potrebno je obratiti pri prijavljivanju paralelnih umjetni\u010dkih programa na na\u010din kako je opisano u publikaciji \u201ePrijave i upisi u srednje \u0161kole za \u0161kolsku godinu 2020.\/2021. \u2013 Idemo u srednju! &#8211; U\u010denici koji upisuju umjetni\u010dke programe i odjele za sporta\u0161e\u201c.<br \/>\n<strong>Preporu\u010damo da se za prijavu obrazovnih programa javite direktno u Glazbenu \u0161kolu u Vara\u017edinu prema sljede\u0107em rasporedu:<\/strong><\/p>\n<p><strong>\u2022 srijeda, 8. srpnja 2020. od 13 do 18 sati<\/strong><br \/>\n<strong>\u2022 \u010detvrtak, 9. srpnja 2020. od 8 do 15 sati<\/strong><br \/>\n<strong>\u2022 petak, 10. srpnja 2020. od 8 do 15 sati<\/strong><\/p>\n<p>ili na\u00a0<a href=\"mailto:tajnistvo@glazbena.hr\">tajnistvo@glazbena.hr\u00a0<\/a>ili <a href=\"mailto:pedagog@glazbena.hr\">pedagog@glazbena.hr<\/a><\/p>\n<p><a href=\"https:\/\/glazbena.hr\/wp-content\/uploads\/2020\/07\/Prijava-obrazovnih-programa-u-ljetnom-roku-8.-12.7.2020..pdf\">Prijava obrazovnih programa u ljetnom roku &#8211; 8. &#8211; 12.7.2020.<\/a><\/p>\n","protected":false},"excerpt":{"rendered":"<p>Dana 8. srpnja 2020. godine zapo\u010dinju prijave obrazovnih programa u sustavu NISpuS\u0160. Prijave obrazovnih programa zapo\u010det \u0107e u 12,00 sati, a obrazovni programi za glazbene \u0161kole (jer zahtijevaju dodatne provjere) \u0107e se mo\u0107i prijavljivati do 12. srpnja 2020. godine. Kona\u010dne ljestvice poretka za sve programe, pa i one s ranijim rokom prijave, bit \u0107e generirane [&hellip;]<\/p>\n","protected":false},"author":5,"featured_media":0,"comment_status":"closed","ping_status":"closed","sticky":false,"template":"","format":"standard","meta":{"footnotes":""},"categories":[63,62],"tags":[],"class_list":["post-6799","post","type-post","status-publish","format-standard","hentry","category-pripremno-obrazovanje","category-srednja-glazbena"],"translation":{"provider":"WPGlobus","version":"3.0.0","language":"gb","enabled_languages":["hr","gb"],"languages":{"hr":{"title":true,"content":true,"excerpt":false},"gb":{"title":false,"content":false,"excerpt":false}}},"_links":{"self":[{"href":"https:\/\/glazbena.hr\/gb\/wp-json\/wp\/v2\/posts\/6799","targetHints":{"allow":["GET"]}}],"collection":[{"href":"https:\/\/glazbena.hr\/gb\/wp-json\/wp\/v2\/posts"}],"about":[{"href":"https:\/\/glazbena.hr\/gb\/wp-json\/wp\/v2\/types\/post"}],"author":[{"embeddable":true,"href":"https:\/\/glazbena.hr\/gb\/wp-json\/wp\/v2\/users\/5"}],"replies":[{"embeddable":true,"href":"https:\/\/glazbena.hr\/gb\/wp-json\/wp\/v2\/comments?post=6799"}],"version-history":[{"count":0,"href":"https:\/\/glazbena.hr\/gb\/wp-json\/wp\/v2\/posts\/6799\/revisions"}],"wp:attachment":[{"href":"https:\/\/glazbena.hr\/gb\/wp-json\/wp\/v2\/media?parent=6799"}],"wp:term":[{"taxonomy":"category","embeddable":true,"href":"https:\/\/glazbena.hr\/gb\/wp-json\/wp\/v2\/categories?post=6799"},{"taxonomy":"post_tag","embeddable":true,"href":"https:\/\/glazbena.hr\/gb\/wp-json\/wp\/v2\/tags?post=6799"}],"curies":[{"name":"wp","href":"https:\/\/api.w.org\/{rel}","templated":true}]}}