{"id":6846,"date":"2020-07-24T13:39:29","date_gmt":"2020-07-24T11:39:29","guid":{"rendered":"https:\/\/glazbena.hr\/?p=6846"},"modified":"2020-07-24T13:39:29","modified_gmt":"2020-07-24T11:39:29","slug":"upisi-u-1-razred-pripremnog-obrazovanja-i-1-razred-srednje-glazbene-skole-2020-2021","status":"publish","type":"post","link":"https:\/\/glazbena.hr\/gb\/srednja-glazbena\/upisi-u-1-razred-pripremnog-obrazovanja-i-1-razred-srednje-glazbene-skole-2020-2021\/","title":{"rendered":"Upisi u 1. razred pripremnog obrazovanja i 1. razred srednje glazbene \u0161kole 2020.\/2021."},"content":{"rendered":"<p>Termini za upis:<\/p>\n<p><strong>Ponedjeljak, 27. srpnja 2020. godine<\/strong><br \/>\n<em>od 8,00 do 18,00 sati<\/em><br \/>\n<strong>Utorak, 28. srpnja 2020. godine<\/strong><br \/>\n<em>od 8,00 do 14,00 sati.<\/em><\/p>\n<p><strong>Potrebno je dostaviti sljede\u0107u dokumentaciju:<\/strong><br \/>\n1.ispisanu i ispunjenu upisnicu iz sustava <a href=\"http:\/\/upisi.hr\">upisi.hr<\/a><br \/>\n2. ispunjena 2 primjerka ugovora<br \/>\n3. ispunjenu privolu<br \/>\n4. ispunjenu upisnicu Glazbene \u0161kole u Vara\u017edinu<\/p>\n<p>*dokumente pod to\u010dkama 2., 3. i 4. mo\u017eete preuzeti u Glazbenoj \u0161koli u Vara\u017edinu.<\/p>\n<p>&nbsp;<\/p>\n<p><a href=\"https:\/\/glazbena.hr\/wp-content\/uploads\/2020\/07\/Upisi-27.-i-28.-srpnja-2020.-scaled.jpg\"><img loading=\"lazy\" decoding=\"async\" class=\"wp-image-6847 size-medium alignleft\" src=\"https:\/\/glazbena.hr\/wp-content\/uploads\/2020\/07\/Upisi-27.-i-28.-srpnja-2020.-212x300.jpg\" alt=\"\" width=\"212\" height=\"300\" srcset=\"https:\/\/glazbena.hr\/wp-content\/uploads\/2020\/07\/Upisi-27.-i-28.-srpnja-2020.-212x300.jpg 212w, https:\/\/glazbena.hr\/wp-content\/uploads\/2020\/07\/Upisi-27.-i-28.-srpnja-2020.-724x1024.jpg 724w, https:\/\/glazbena.hr\/wp-content\/uploads\/2020\/07\/Upisi-27.-i-28.-srpnja-2020.-768x1086.jpg 768w, https:\/\/glazbena.hr\/wp-content\/uploads\/2020\/07\/Upisi-27.-i-28.-srpnja-2020.-1086x1536.jpg 1086w, https:\/\/glazbena.hr\/wp-content\/uploads\/2020\/07\/Upisi-27.-i-28.-srpnja-2020.-1448x2048.jpg 1448w, https:\/\/glazbena.hr\/wp-content\/uploads\/2020\/07\/Upisi-27.-i-28.-srpnja-2020.-scaled.jpg 1810w\" sizes=\"auto, (max-width: 212px) 100vw, 212px\" \/><\/a><\/p>\n","protected":false},"excerpt":{"rendered":"<p>Termini za upis: Ponedjeljak, 27. srpnja 2020. godine od 8,00 do 18,00 sati Utorak, 28. srpnja 2020. godine od 8,00 do 14,00 sati. Potrebno je dostaviti sljede\u0107u dokumentaciju: 1.ispisanu i ispunjenu upisnicu iz sustava upisi.hr 2. ispunjena 2 primjerka ugovora 3. ispunjenu privolu 4. ispunjenu upisnicu Glazbene \u0161kole u Vara\u017edinu *dokumente pod to\u010dkama 2., 3. [&hellip;]<\/p>\n","protected":false},"author":5,"featured_media":0,"comment_status":"closed","ping_status":"closed","sticky":false,"template":"","format":"standard","meta":{"footnotes":""},"categories":[63,62],"tags":[],"class_list":["post-6846","post","type-post","status-publish","format-standard","hentry","category-pripremno-obrazovanje","category-srednja-glazbena"],"translation":{"provider":"WPGlobus","version":"3.0.0","language":"gb","enabled_languages":["hr","gb"],"languages":{"hr":{"title":true,"content":true,"excerpt":false},"gb":{"title":false,"content":false,"excerpt":false}}},"_links":{"self":[{"href":"https:\/\/glazbena.hr\/gb\/wp-json\/wp\/v2\/posts\/6846","targetHints":{"allow":["GET"]}}],"collection":[{"href":"https:\/\/glazbena.hr\/gb\/wp-json\/wp\/v2\/posts"}],"about":[{"href":"https:\/\/glazbena.hr\/gb\/wp-json\/wp\/v2\/types\/post"}],"author":[{"embeddable":true,"href":"https:\/\/glazbena.hr\/gb\/wp-json\/wp\/v2\/users\/5"}],"replies":[{"embeddable":true,"href":"https:\/\/glazbena.hr\/gb\/wp-json\/wp\/v2\/comments?post=6846"}],"version-history":[{"count":0,"href":"https:\/\/glazbena.hr\/gb\/wp-json\/wp\/v2\/posts\/6846\/revisions"}],"wp:attachment":[{"href":"https:\/\/glazbena.hr\/gb\/wp-json\/wp\/v2\/media?parent=6846"}],"wp:term":[{"taxonomy":"category","embeddable":true,"href":"https:\/\/glazbena.hr\/gb\/wp-json\/wp\/v2\/categories?post=6846"},{"taxonomy":"post_tag","embeddable":true,"href":"https:\/\/glazbena.hr\/gb\/wp-json\/wp\/v2\/tags?post=6846"}],"curies":[{"name":"wp","href":"https:\/\/api.w.org\/{rel}","templated":true}]}}